{"id":4601,"date":"2021-01-29T18:59:36","date_gmt":"2021-01-29T17:59:36","guid":{"rendered":"https:\/\/leclubyema.com\/?p=4601"},"modified":"2021-02-06T13:57:59","modified_gmt":"2021-02-06T12:57:59","slug":"entretien-avec-patrick-guilleminot-horloger-chez-yema-1976-2010","status":"publish","type":"post","link":"https:\/\/leclubyema.com\/index.php\/2021\/01\/29\/entretien-avec-patrick-guilleminot-horloger-chez-yema-1976-2010\/","title":{"rendered":"Entretien avec Patrick Guilleminot horloger chez Yema (1976 &#8211; 2010)"},"content":{"rendered":"<p>&nbsp;<\/p>\n<p>&nbsp;<\/p>\n<p>Il y a peu, nous avons \u00e9t\u00e9 contact\u00e9s via le formulaire du site par Patrick Guilleminot. Il a \u00e9t\u00e9 un t\u00e9moin important de l&rsquo;histoire de Yema, il fait m\u00eame pleinement parti de cette histoire puisqu&rsquo;il fut employ\u00e9 par Yema de 1976 \u00e0 2010 soit 34 ans !<\/p>\n<h3><strong>De 1976 \u00e0 1983 chez Yema International\u00a0: Horloger r\u00e9parateur \u00e9lectronique<\/strong><\/h3>\n<p>Vous allez voir qu&rsquo;il a beaucoup \u00e0 nous apprendre sur l&rsquo;histoire de Yema. \u00a0\ud83d\ude09<\/p>\n<p>Tout commence en 1976 o\u00f9 apr\u00e8s 3 ans d\u2019\u00e9tudes, il obtient son CAP d&rsquo;horloger au lyc\u00e9e professionnel Jules Haag de Besan\u00e7on.<\/p>\n<p>L\u2019histoire avec Yema n&rsquo;aurait tr\u00e8s bien pu jamais commencer, car juste \u00e0 la fin de ses \u00e9tudes, il y avait peu de travail \u00e0 Besan\u00e7on, alors il signe et s&rsquo;engage dans la Marine Nationale, il en a les aptitudes et d\u00e9sire voyager. Son professeur d\u2019atelier, Mme Combe, trouve cela hasardeux et d\u00e9cide de lui trouver du travail. Elle t\u00e9l\u00e9phone chez Yema qui l&#8217;embauche aussit\u00f4t ! le lundi suivant il se pr\u00e9sente donc chez Yema et prend son poste en tant d&rsquo;horloger r\u00e9parateur \u00e9lectronique.<\/p>\n<p>Quelques jours plus tard des officiers de la Marine Nationale sonnent \u00e0 sa porte mais heureusement en expliquant la situation, ils sont compr\u00e9hensifs. Ils lui demandent juste de passer \u00e0 la permanence pour annuler son engagement ! Il fera toutefois son service national dans la Marine Nationale. Il sera le seul \u00e0 venir travailler chez Yema pendant ses permissions \u00ab\u00a0au black\u00a0\u00bb.<\/p>\n<p>En 1976, Les locaux de Yema se trouvent dans le grand b\u00e2timent ultra moderne rue des Cras et c&rsquo;est bien s\u00fbr Henry-Louis Belmont qui est aux commandes. Yema est en plein essor avec 330 salari\u00e9s, 300 \u00e0 Besan\u00e7on et 30 VRP et 850000 montres vendues. Le travail et la rigueur sont de mise dans l&rsquo;usine, la blouse est impos\u00e9e \u00e0 tout le monde, l&rsquo;ambiance changera apr\u00e8s son d\u00e9part. En 1976 on est dans la r\u00e9volution du quartz et Yema compte bien en faire partie. Voici quelques pages du catalogue 1976 que Patrick Guilleminot m&rsquo;a envoy\u00e9 :<\/p>\n<p>&nbsp;<\/p>\n<figure id=\"attachment_4666\" aria-describedby=\"caption-attachment-4666\" style=\"width: 768px\" class=\"wp-caption alignnone\"><img fetchpriority=\"high\" decoding=\"async\" class=\"size-full wp-image-4666\" src=\"https:\/\/leclubyema.com\/wp-content\/uploads\/2021\/01\/PHOTO-2021-01-17-10-51-26_GF.jpg\" alt=\"catalogue yema 1976\" width=\"768\" height=\"1024\" srcset=\"https:\/\/leclubyema.com\/wp-content\/uploads\/2021\/01\/PHOTO-2021-01-17-10-51-26_GF.jpg 768w, https:\/\/leclubyema.com\/wp-content\/uploads\/2021\/01\/PHOTO-2021-01-17-10-51-26_GF-225x300.jpg 225w, https:\/\/leclubyema.com\/wp-content\/uploads\/2021\/01\/PHOTO-2021-01-17-10-51-26_GF-450x600.jpg 450w\" sizes=\"(max-width: 768px) 100vw, 768px\" \/><figcaption id=\"caption-attachment-4666\" class=\"wp-caption-text\">catalogue Yema 1976<\/figcaption><\/figure>\n<figure id=\"attachment_4607\" aria-describedby=\"caption-attachment-4607\" style=\"width: 768px\" class=\"wp-caption alignnone\"><img decoding=\"async\" class=\"size-full wp-image-4607\" src=\"https:\/\/leclubyema.com\/wp-content\/uploads\/2021\/01\/CATALOGUE-1976-MONTRE-YEMA-2.jpg\" alt=\"CATALOGUE 1976 MONTRE YEMA \" width=\"768\" height=\"1024\" srcset=\"https:\/\/leclubyema.com\/wp-content\/uploads\/2021\/01\/CATALOGUE-1976-MONTRE-YEMA-2.jpg 768w, https:\/\/leclubyema.com\/wp-content\/uploads\/2021\/01\/CATALOGUE-1976-MONTRE-YEMA-2-225x300.jpg 225w, https:\/\/leclubyema.com\/wp-content\/uploads\/2021\/01\/CATALOGUE-1976-MONTRE-YEMA-2-450x600.jpg 450w\" sizes=\"(max-width: 768px) 100vw, 768px\" \/><figcaption id=\"caption-attachment-4607\" class=\"wp-caption-text\">CATALOGUE 1976 MONTRES YEMA<\/figcaption><\/figure>\n<p>une page du catalogue avec une belle navygraf \ud83d\ude09<\/p>\n<figure id=\"attachment_4613\" aria-describedby=\"caption-attachment-4613\" style=\"width: 768px\" class=\"wp-caption alignnone\"><img decoding=\"async\" class=\"size-full wp-image-4613\" src=\"https:\/\/leclubyema.com\/wp-content\/uploads\/2021\/01\/CATALOGUE-1976-MONTRE-YEMA-10.jpg\" alt=\"CATALOGUE 1976 MONTRE YEMA 2\" width=\"768\" height=\"1024\" srcset=\"https:\/\/leclubyema.com\/wp-content\/uploads\/2021\/01\/CATALOGUE-1976-MONTRE-YEMA-10.jpg 768w, https:\/\/leclubyema.com\/wp-content\/uploads\/2021\/01\/CATALOGUE-1976-MONTRE-YEMA-10-225x300.jpg 225w, https:\/\/leclubyema.com\/wp-content\/uploads\/2021\/01\/CATALOGUE-1976-MONTRE-YEMA-10-450x600.jpg 450w\" sizes=\"(max-width: 768px) 100vw, 768px\" \/><figcaption id=\"caption-attachment-4613\" class=\"wp-caption-text\">CATALOGUE 1976 MONTRES YEMA<\/figcaption><\/figure>\n<p>Le catalogue complet est ici: <a href=\"https:\/\/leclubyema.com\/index.php\/medias\/catalogues-yema\/\">https:\/\/leclubyema.com\/index.php\/medias\/catalogues-yema\/<\/a><\/p>\n<p>Patrick Guilleminot va me donner quelques anecdotes dont celle qui concerne le nom BELMONT, en effet en 1966 pour des raisons que j&rsquo;ignore Henri louis Blum d\u00e9cide de changer de nom pour Henry Louis Belmont, alors pourquoi Belmont et bien il semblerait qu&rsquo;il ait tout simplement choisi ce nom chez le coiffeur en baissant la t\u00eate et en\u00a0 d\u00e9couvrant la marque du si\u00e8ge sur lequel il \u00e9tait install\u00e9 !<\/p>\n<p>&nbsp;<\/p>\n<figure id=\"attachment_4667\" aria-describedby=\"caption-attachment-4667\" style=\"width: 917px\" class=\"wp-caption alignnone\"><img loading=\"lazy\" decoding=\"async\" class=\"size-full wp-image-4667\" src=\"https:\/\/leclubyema.com\/wp-content\/uploads\/2021\/01\/belmont.jpg\" alt=\"fauteuil coiffeur Belmont\" width=\"917\" height=\"754\" srcset=\"https:\/\/leclubyema.com\/wp-content\/uploads\/2021\/01\/belmont.jpg 917w, https:\/\/leclubyema.com\/wp-content\/uploads\/2021\/01\/belmont-300x247.jpg 300w, https:\/\/leclubyema.com\/wp-content\/uploads\/2021\/01\/belmont-768x631.jpg 768w, https:\/\/leclubyema.com\/wp-content\/uploads\/2021\/01\/belmont-450x370.jpg 450w\" sizes=\"(max-width: 917px) 100vw, 917px\" \/><figcaption id=\"caption-attachment-4667\" class=\"wp-caption-text\">fauteuil coiffeur Belmont<\/figcaption><\/figure>\n<p>Je vais apprendre aussi pas mal d&rsquo;autres choses int\u00e9ressantes, pour les superman par exemple les couronnes venaient souvent de chez Cheval \u00e0 Besan\u00e7on, entreprise qui existe toujours, les cadrans \u00e9taient fabriqu\u00e9s par Fraporlux, les aiguilles chez Universo, les verres chez Tena Butty, les boitiers chez Monnier, les bracelets chez Boss etc. A cette \u00e9poque les r\u00e9f\u00e9rences sur le fond servaient au SAV, elles permettaient de savoir imm\u00e9diatement quel verre, quel joint et quelle couronne utiliser. Exemple 24-11 -17, 24 pour le verre, 11 pour le joint et 17 pour la couronne.<\/p>\n<p>En 1978 cela \u00e9volue. Voici un document tr\u00e8s int\u00e9ressant qui nous indique ce que signifie \u00e0 partir de cette date les r\u00e9f\u00e9rences sur le fond.<\/p>\n<figure id=\"attachment_4668\" aria-describedby=\"caption-attachment-4668\" style=\"width: 540px\" class=\"wp-caption aligncenter\"><img loading=\"lazy\" decoding=\"async\" class=\"size-full wp-image-4668\" src=\"https:\/\/leclubyema.com\/wp-content\/uploads\/2021\/01\/PHOTO-2021-01-17-11-01-47_GF-1.jpg\" alt=\"Yema reference et chiffres\" width=\"540\" height=\"1024\" srcset=\"https:\/\/leclubyema.com\/wp-content\/uploads\/2021\/01\/PHOTO-2021-01-17-11-01-47_GF-1.jpg 540w, https:\/\/leclubyema.com\/wp-content\/uploads\/2021\/01\/PHOTO-2021-01-17-11-01-47_GF-1-158x300.jpg 158w, https:\/\/leclubyema.com\/wp-content\/uploads\/2021\/01\/PHOTO-2021-01-17-11-01-47_GF-1-450x853.jpg 450w\" sizes=\"(max-width: 540px) 100vw, 540px\" \/><figcaption id=\"caption-attachment-4668\" class=\"wp-caption-text\">montre yema les r\u00e9f\u00e9rences<\/figcaption><\/figure>\n<p>&nbsp;<\/p>\n<p>Les chaines de montage \u00e9taient grandes et il fallait occuper tous ces employ\u00e9s c&rsquo;est pourquoi Yema emboitait aussi pour d&rsquo;autres marques.<\/p>\n<figure id=\"attachment_4698\" aria-describedby=\"caption-attachment-4698\" style=\"width: 631px\" class=\"wp-caption aligncenter\"><img loading=\"lazy\" decoding=\"async\" class=\"size-full wp-image-4698\" src=\"https:\/\/leclubyema.com\/wp-content\/uploads\/2021\/01\/chaine-de-montage.jpg\" alt=\"chaine de montage usine Yema 1978\" width=\"631\" height=\"908\" srcset=\"https:\/\/leclubyema.com\/wp-content\/uploads\/2021\/01\/chaine-de-montage.jpg 631w, https:\/\/leclubyema.com\/wp-content\/uploads\/2021\/01\/chaine-de-montage-208x300.jpg 208w, https:\/\/leclubyema.com\/wp-content\/uploads\/2021\/01\/chaine-de-montage-450x648.jpg 450w\" sizes=\"(max-width: 631px) 100vw, 631px\" \/><figcaption id=\"caption-attachment-4698\" class=\"wp-caption-text\">usine Yema 1978\u00a0 Unit\u00e9 de fabrication des montres m\u00e9caniques capacit\u00e9 2000 pi\u00e8ces<\/figcaption><\/figure>\n<p>Ce document est \u00e0 d\u00e9couvrir ici : <a href=\"https:\/\/leclubyema.com\/index.php\/medias\/docs-yema\/\">https:\/\/leclubyema.com\/index.php\/medias\/docs-yema\/<\/a><\/p>\n<p>Il y avait \u00e9galement une armoire avec plus de 900 plaques de marques diff\u00e9rentes pour le marquage des cadrans pour Yema et d&rsquo;autres marques, donc \u00ab\u00a0ces Yema qui n&rsquo;en sont pas\u00a0\u00bb si ch\u00e8res \u00e0 Pierre Jean cf son article<\/p>\n<p><a href=\"https:\/\/leclubyema.com\/index.php\/2020\/09\/27\/ces-yema-qui-nen-sont-pas-le-cadran-63\/\">https:\/\/leclubyema.com\/index.php\/2020\/09\/27\/ces-yema-qui-nen-sont-pas-le-cadran-63\/<\/a><\/p>\n<p>Ces Yema non marqu\u00e9es Yema \u00e9taient bien enti\u00e8rement assembl\u00e9es par Yema, et en 2009 c&rsquo;est Patrick Guilleminot qui remettra les plaques marqu\u00e9es Yema ainsi que beaucoup d&rsquo;archives \u00e0 Monsieur Christopher B\u00f4le actuel Directeur g\u00e9n\u00e9ral d\u00e9l\u00e9gu\u00e9 Montres Ambre S.A., qui d\u00e9tient la marque Yema aujourd&rsquo;hui.<\/p>\n<p>Yema \u00e9tait aussi capable de faire des s\u00e9ries limit\u00e9es avec des cadrans marqu\u00e9s diff\u00e9remment de 200-500 pi\u00e8ces \u00e0 la demande.<\/p>\n<p>Un article sur les m\u00e9daill\u00e9s de 1983 avec la pr\u00e9sence de Mrs Henry-Louis et Henry-John Belmont<\/p>\n<figure id=\"attachment_4673\" aria-describedby=\"caption-attachment-4673\" style=\"width: 829px\" class=\"wp-caption aligncenter\"><img loading=\"lazy\" decoding=\"async\" class=\"size-full wp-image-4673\" src=\"https:\/\/leclubyema.com\/wp-content\/uploads\/2021\/01\/PHOTO-2021-01-17-09-56-29_GF.jpg\" alt=\"des medailles chez Yema montre 1983\" width=\"829\" height=\"1024\" srcset=\"https:\/\/leclubyema.com\/wp-content\/uploads\/2021\/01\/PHOTO-2021-01-17-09-56-29_GF.jpg 829w, https:\/\/leclubyema.com\/wp-content\/uploads\/2021\/01\/PHOTO-2021-01-17-09-56-29_GF-243x300.jpg 243w, https:\/\/leclubyema.com\/wp-content\/uploads\/2021\/01\/PHOTO-2021-01-17-09-56-29_GF-768x949.jpg 768w, https:\/\/leclubyema.com\/wp-content\/uploads\/2021\/01\/PHOTO-2021-01-17-09-56-29_GF-450x556.jpg 450w\" sizes=\"(max-width: 829px) 100vw, 829px\" \/><figcaption id=\"caption-attachment-4673\" class=\"wp-caption-text\">des m\u00e9dailles chez Yema montre 1983<\/figcaption><\/figure>\n<p>&nbsp;<\/p>\n<div class=\"mceTemp\"><\/div>\n<p>&nbsp;<\/p>\n<p>Patrick Guilleminot va ensuite connaitre toutes les diff\u00e9rentes \u00e9volutions de la marque, les changements de direction, les d\u00e9m\u00e9nagements.<\/p>\n<h3><strong>De 1983 \u00e0 1987 chez Matra Horlogerie\u00a0: Horloger r\u00e9parateur de mouvements<\/strong>.<\/h3>\n<p>Mr Meyer est pr\u00e9sident Directeur g\u00e9n\u00e9ral de Matra Horlogerie il ne vient pas \u00e0 v\u00e9lo comme Mr Belmont venait parfois \u00e0 son usine mais en voiture avec chauffeur et cocarde tricolore sur le pare-brise !<\/p>\n<p>Matra Horlogerie avait sorti des prototypes sous la marque MH pour demander l\u2019avis des clients avant de les commercialiser sous la marque Yema ou une autre marque du groupe. L\u2019information a circul\u00e9 dans le milieu professionnel, Michel Herbelin porte plainte, MH c\u2019est lui ce n\u2019est pas Matra Horlogerie, il gagne le proc\u00e8s, les prototypes sont mises au placard.<\/p>\n<p>Pendant cette P\u00e9riode Patrick Guilleminot a cr\u00e9\u00e9 un service de r\u00e9paration pour les mouvements quartz et m\u00e9caniques de Yema avec 10 horlogers.<\/p>\n<p>Cette cr\u00e9ation a \u00e9t\u00e9 approuv\u00e9e par Mr Henry-John Belmont avant qu\u2019il soit ne remerci\u00e9 par la CGH\u00a0 et arrive chez Jaeger-Lecoultre.<\/p>\n<p>La CGH valide en 1988 une entreprise ind\u00e9pendante Modulhor \u00e0 Josselin dans le Morbihan pour prendre les r\u00e9parations des mouvements. Des salari\u00e9s seront licenci\u00e9es.<\/p>\n<h3 style=\"text-align: center;\"><span style=\"font-size: 18pt;\"><strong>De 1987 \u00e0 1996 \u00e0 la CGH\u00a0: Horloger gestionnaire de retour.<\/strong><\/span><\/h3>\n<p>&nbsp;<\/p>\n<p>Vous trouverez pas mal d&rsquo;infos sur la CGH dans le bel article de Jerry : <a href=\"https:\/\/leclubyema.com\/index.php\/2020\/07\/09\/jacques-meyer-raconte-la-c-g-h\/\">https:\/\/leclubyema.com\/index.php\/2020\/07\/09\/jacques-meyer-raconte-la-c-g-h\/<\/a><\/p>\n<p>La grande st\u00e8le noire devant l\u2019entr\u00e9e repr\u00e9sente un barreau de quartz de montre.<\/p>\n<figure id=\"attachment_4694\" aria-describedby=\"caption-attachment-4694\" style=\"width: 637px\" class=\"wp-caption aligncenter\"><img loading=\"lazy\" decoding=\"async\" class=\"size-full wp-image-4694\" src=\"https:\/\/leclubyema.com\/wp-content\/uploads\/2021\/01\/cgh.jpg\" alt=\"batiment CGH Yema\" width=\"637\" height=\"483\" srcset=\"https:\/\/leclubyema.com\/wp-content\/uploads\/2021\/01\/cgh.jpg 637w, https:\/\/leclubyema.com\/wp-content\/uploads\/2021\/01\/cgh-300x227.jpg 300w, https:\/\/leclubyema.com\/wp-content\/uploads\/2021\/01\/cgh-450x341.jpg 450w\" sizes=\"(max-width: 637px) 100vw, 637px\" \/><figcaption id=\"caption-attachment-4694\" class=\"wp-caption-text\">batiment CGH Yema<\/figcaption><\/figure>\n<p>&nbsp;<\/p>\n<p>Les boitiers de montres Yema sont fabriqu\u00e9s avec les m\u00eames machines-outils que les boitiers Cartier au site de Morteau de la CGH ;<\/p>\n<p>La qualit\u00e9 Cartier est de rigueur pour les montres Yema.<\/p>\n<p>Yema sort toute une collection America\u2019s Cup, les mod\u00e8les se vendent tr\u00e8s bien.<\/p>\n<p>La marque Corum porte plainte, America\u2019s Cup c\u2019est elle et ce n\u2019est pas Yema, Corum\u00a0 gagne le proc\u00e8s. Les ventes sont interrompues. Celles qui sont vendues sont vendues, il n\u2019y a pas de reprise client, Yema tourne la page. Celui qui a une America\u2019s Cup Yema a un garde-temps collector.<\/p>\n<figure id=\"attachment_4705\" aria-describedby=\"caption-attachment-4705\" style=\"width: 426px\" class=\"wp-caption aligncenter\"><img loading=\"lazy\" decoding=\"async\" class=\"size-full wp-image-4705\" src=\"https:\/\/leclubyema.com\/wp-content\/uploads\/2021\/01\/amercian-cup.jpg\" alt=\"America\u2019s Cup yema CSG\" width=\"426\" height=\"791\" srcset=\"https:\/\/leclubyema.com\/wp-content\/uploads\/2021\/01\/amercian-cup.jpg 426w, https:\/\/leclubyema.com\/wp-content\/uploads\/2021\/01\/amercian-cup-162x300.jpg 162w\" sizes=\"(max-width: 426px) 100vw, 426px\" \/><figcaption id=\"caption-attachment-4705\" class=\"wp-caption-text\">America\u2019s Cup yema CGH<\/figcaption><\/figure>\n<p>Yema cr\u00e9e une marque DELTA.<\/p>\n<p>La CGH cr\u00e9e le r\u00e9seau Heurequal. De nombreux horlogers sont licenci\u00e9s.<\/p>\n<p>Mr Guilleminot r\u00e9pare seulement les Yema des litiges clients, des DOM-TOM, de l\u2019export et des foyers des casernes en Allemagne que le r\u00e9seau Heurequal a oubli\u00e9 de mettre dans son contrat.<\/p>\n<p>C&rsquo;est aussi \u00e0 cette \u00e9poque pour Yema, gr\u00e2ce \u00e0 ses montres, participe \u00e0 une grande aventure la Transantarctica, avec Jean louis ETIENNE, Patrick Guilleminot poss\u00e8de un exemplaire num\u00e9rot\u00e9 et a pr\u00e9cieusement gard\u00e9 des documents d\u2019\u00e9poque :<\/p>\n<p>&nbsp;<\/p>\n<p><img loading=\"lazy\" decoding=\"async\" class=\"alignnone size-full wp-image-4659\" src=\"https:\/\/leclubyema.com\/wp-content\/uploads\/2021\/01\/PHOTO-2021-01-17-10-58-52_GF.jpg\" alt=\"\" width=\"1024\" height=\"768\" srcset=\"https:\/\/leclubyema.com\/wp-content\/uploads\/2021\/01\/PHOTO-2021-01-17-10-58-52_GF.jpg 1024w, https:\/\/leclubyema.com\/wp-content\/uploads\/2021\/01\/PHOTO-2021-01-17-10-58-52_GF-300x225.jpg 300w, https:\/\/leclubyema.com\/wp-content\/uploads\/2021\/01\/PHOTO-2021-01-17-10-58-52_GF-768x576.jpg 768w, https:\/\/leclubyema.com\/wp-content\/uploads\/2021\/01\/PHOTO-2021-01-17-10-58-52_GF-450x338.jpg 450w\" sizes=\"(max-width: 1024px) 100vw, 1024px\" \/> <img loading=\"lazy\" decoding=\"async\" class=\"alignnone size-full wp-image-4658\" src=\"https:\/\/leclubyema.com\/wp-content\/uploads\/2021\/01\/PHOTO-2021-01-17-10-58-52_3_GF.jpg\" alt=\"\" width=\"1024\" height=\"693\" srcset=\"https:\/\/leclubyema.com\/wp-content\/uploads\/2021\/01\/PHOTO-2021-01-17-10-58-52_3_GF.jpg 1024w, https:\/\/leclubyema.com\/wp-content\/uploads\/2021\/01\/PHOTO-2021-01-17-10-58-52_3_GF-300x203.jpg 300w, https:\/\/leclubyema.com\/wp-content\/uploads\/2021\/01\/PHOTO-2021-01-17-10-58-52_3_GF-768x520.jpg 768w, https:\/\/leclubyema.com\/wp-content\/uploads\/2021\/01\/PHOTO-2021-01-17-10-58-52_3_GF-450x305.jpg 450w\" sizes=\"(max-width: 1024px) 100vw, 1024px\" \/><\/p>\n<figure id=\"attachment_4656\" aria-describedby=\"caption-attachment-4656\" style=\"width: 1024px\" class=\"wp-caption alignnone\"><img loading=\"lazy\" decoding=\"async\" class=\"size-full wp-image-4656\" src=\"https:\/\/leclubyema.com\/wp-content\/uploads\/2021\/01\/PHOTO-2021-01-17-10-58-52_1_GF.jpg\" alt=\"eexp\u00e9dition trans Antartica \" width=\"1024\" height=\"768\" srcset=\"https:\/\/leclubyema.com\/wp-content\/uploads\/2021\/01\/PHOTO-2021-01-17-10-58-52_1_GF.jpg 1024w, https:\/\/leclubyema.com\/wp-content\/uploads\/2021\/01\/PHOTO-2021-01-17-10-58-52_1_GF-300x225.jpg 300w, https:\/\/leclubyema.com\/wp-content\/uploads\/2021\/01\/PHOTO-2021-01-17-10-58-52_1_GF-768x576.jpg 768w, https:\/\/leclubyema.com\/wp-content\/uploads\/2021\/01\/PHOTO-2021-01-17-10-58-52_1_GF-450x338.jpg 450w\" sizes=\"(max-width: 1024px) 100vw, 1024px\" \/><figcaption id=\"caption-attachment-4656\" class=\"wp-caption-text\">exp\u00e9dition transantartica 1989<\/figcaption><\/figure>\n<p>C&rsquo;est \u00e9galement encore l\u2019\u00e9poque des spationautes, avec en 1992 le mod\u00e8le Antares:<\/p>\n<figure id=\"attachment_4685\" aria-describedby=\"caption-attachment-4685\" style=\"width: 768px\" class=\"wp-caption aligncenter\"><img loading=\"lazy\" decoding=\"async\" class=\"size-full wp-image-4685\" src=\"https:\/\/leclubyema.com\/wp-content\/uploads\/2021\/01\/PHOTO-2021-01-17-11-01-47_1_GF-1.jpg\" alt=\"catalogue yema Antares spationaute\" width=\"768\" height=\"1024\" srcset=\"https:\/\/leclubyema.com\/wp-content\/uploads\/2021\/01\/PHOTO-2021-01-17-11-01-47_1_GF-1.jpg 768w, https:\/\/leclubyema.com\/wp-content\/uploads\/2021\/01\/PHOTO-2021-01-17-11-01-47_1_GF-1-225x300.jpg 225w, https:\/\/leclubyema.com\/wp-content\/uploads\/2021\/01\/PHOTO-2021-01-17-11-01-47_1_GF-1-450x600.jpg 450w\" sizes=\"(max-width: 768px) 100vw, 768px\" \/><figcaption id=\"caption-attachment-4685\" class=\"wp-caption-text\">catalogue yema Antares spationaute<\/figcaption><\/figure>\n<p>Yema est \u00e9galement partenaire de nombreuses aventures sportives, comme le raid gauloise, le troph\u00e9e Andros ou d&rsquo;exploit extr\u00eame comme le vol en ulm de Hubert Chevigny et de Nicolas Hulot pour atteindre le pole nord mais ceci &#8230;.fera surement l\u2019objet d&rsquo;un autre article \ud83d\ude42<\/p>\n<p>On est en plein dans l&rsquo;\u00e9poque de la fin de la CGH. Seiko Corporation cr\u00e9e 2 entreprises : Seiko France et Yema SA ;<\/p>\n<h3 style=\"text-align: center;\"><strong>De 1996 \u00e0 2004 chez Yema SA\u00a0: Horloger r\u00e9parateur<\/strong><\/h3>\n<p>En 2002 intervient le d\u00e9c\u00e8s de Henry Louis Belmont et Patick Guilleminot va garder son avis de d\u00e9c\u00e8s.<\/p>\n<figure id=\"attachment_4633\" aria-describedby=\"caption-attachment-4633\" style=\"width: 618px\" class=\"wp-caption alignnone\"><img loading=\"lazy\" decoding=\"async\" class=\"size-full wp-image-4633\" src=\"https:\/\/leclubyema.com\/wp-content\/uploads\/2021\/01\/PHOTO-2021-01-17-10-29-19_GF.jpg\" alt=\"Avis de d\u00e9c\u00e8s Henry Louis Belmont \" width=\"618\" height=\"1024\" srcset=\"https:\/\/leclubyema.com\/wp-content\/uploads\/2021\/01\/PHOTO-2021-01-17-10-29-19_GF.jpg 618w, https:\/\/leclubyema.com\/wp-content\/uploads\/2021\/01\/PHOTO-2021-01-17-10-29-19_GF-181x300.jpg 181w, https:\/\/leclubyema.com\/wp-content\/uploads\/2021\/01\/PHOTO-2021-01-17-10-29-19_GF-450x746.jpg 450w\" sizes=\"(max-width: 618px) 100vw, 618px\" \/><figcaption id=\"caption-attachment-4633\" class=\"wp-caption-text\">Avis de d\u00e9c\u00e8s Henry Louis Belmont<\/figcaption><\/figure>\n<p>&nbsp;<\/p>\n<p>S&rsquo;en est fini de la CGH mais la soci\u00e9t\u00e9 Yema S.A est cr\u00e9\u00e9 et Monsieur Jean-Luc Biansan est nomm\u00e9 directeur g\u00e9n\u00e9ral et Louis-\u00c9ric Beckensteiner est nomm\u00e9 directeur commercial.<\/p>\n<p>En 1996 va \u00eatre une date importante pour Patrick Guilleminot, jusqu\u2019\u00e0 pr\u00e9sent le SAV des montres Yema est sous-trait\u00e9 \u00e0 Heurequal, mais en d\u00e9couvrant cela et en voyant les factures tr\u00e8s importantes, M. Biansan demande \u00e0 ses collaborateurs de trouver une solution !<\/p>\n<p><strong>C&rsquo;est Patrick Guilleminot qui va proposer de ramener le SAV directement chez Yema<\/strong> et va mettre ce projet en route, gr\u00e2ce \u00e0 quelques \u00e9tablis, beaucoup de pi\u00e8ces d\u00e9tach\u00e9es, de l\u2019outillage qui avait \u00e9t\u00e9 mis de c\u00f4t\u00e9, et 2 horlogers dans un premier temps puis 3, la dur\u00e9e de garantie passe de 1 an \u00e0 2 ans en 1997, le SAV traite environ 1000 montres par mois.<\/p>\n<p>Voici un article de presse de 1997 sur le SAV<\/p>\n<p><a href=\"http:\/\/fr.1001mags.com\/parution\/entreprendre\/numero-111-mai-1997\/page-124-125-texte-integral\">http:\/\/fr.1001mags.com\/parution\/entreprendre\/numero-111-mai-1997\/page-124-125-texte-integral<\/a><\/p>\n<figure id=\"attachment_4671\" aria-describedby=\"caption-attachment-4671\" style=\"width: 551px\" class=\"wp-caption alignnone\"><img loading=\"lazy\" decoding=\"async\" class=\"size-full wp-image-4671\" src=\"https:\/\/leclubyema.com\/wp-content\/uploads\/2021\/01\/SAV-YEMA-MR-BIANSAN-MAGAZIN-ENTREPRENDRE-1997-1.jpg\" alt=\"SAV YEMA MR BIANSAN MAGAZIN ENTREPRENDRE 1997\" width=\"551\" height=\"750\" srcset=\"https:\/\/leclubyema.com\/wp-content\/uploads\/2021\/01\/SAV-YEMA-MR-BIANSAN-MAGAZIN-ENTREPRENDRE-1997-1.jpg 551w, https:\/\/leclubyema.com\/wp-content\/uploads\/2021\/01\/SAV-YEMA-MR-BIANSAN-MAGAZIN-ENTREPRENDRE-1997-1-220x300.jpg 220w, https:\/\/leclubyema.com\/wp-content\/uploads\/2021\/01\/SAV-YEMA-MR-BIANSAN-MAGAZIN-ENTREPRENDRE-1997-1-450x613.jpg 450w\" sizes=\"(max-width: 551px) 100vw, 551px\" \/><figcaption id=\"caption-attachment-4671\" class=\"wp-caption-text\">SAV YEMA MR BIANSAN MAGAZIN ENTREPRENDRE 1997<\/figcaption><\/figure>\n<h3 style=\"text-align: center;\"><strong>2005-2009 Responsable r\u00e9parations, ma\u00eetre horloger chez YEMA Maison Horlog\u00e8re Fran\u00e7aise 1948<br \/>\n<\/strong><\/h3>\n<p>&nbsp;<\/p>\n<p>En 2005 Louis-\u00c9ric Beckensteiner rach\u00e8te la marque. Pour \u00eatre pr\u00e9cis, il ach\u00e8te aussi le stock de montres Yema, les pi\u00e8ces d\u00e9tach\u00e9es, du mobilier, de l\u2019informatique etc. \u00e0 Seiko Corp. Il cr\u00e9e une entreprise qui s\u2019appelle Yema Maison Horlog\u00e8re Fran\u00e7aise 1948 (YMHF).<\/p>\n<p>L&rsquo;ambiance entre Seiko France et Yema SA a bien chang\u00e9. Il existe un certain m\u00e9pris de la part de l\u2019\u00e9quipe Seiko vis \u00e0 vis de l\u2019\u00e9quipe Yema, elle ne nous fait pas de cadeaux, la surface destin\u00e9e \u00e0 Yema diminue de plus en plus&#8230;. \u00ab\u00a0On nous pousse \u00e0 la sortie\u2026\u00a0\u00bb<\/p>\n<p>Toutes les palettes avant d\u2019\u00eatre mises dans les camions sont inspect\u00e9es par des salari\u00e9s Seiko France.<\/p>\n<p>Seiko France a \u00e9t\u00e9 charg\u00e9 par Seiko Corp. de la liquidation de Yema SA.<\/p>\n<p>Louis-\u00c9ric Beckensteiner entraine avec lui 25 salari\u00e9s dont Patrick Guilleminot et emm\u00e9nagent dans des locaux temporaires rue Hilaire de Chardonnet.<\/p>\n<p>La cons\u00e9quence tous les envois pour Yema SA courriers, factures, ch\u00e8ques bancaire et colis de r\u00e9parations \u00e9taient pour Seiko liquidateur de Yema SA.<\/p>\n<p>\u00ab\u00a0Nous avons attendue 2 mois pour que Seiko nous donne enfin les r\u00e9parations des clients qui n\u2019avaient pas compris la situation et ne les envoyer pas \u00e0 la bonne adresse. \u00c0 titre commerciale ces r\u00e9parations n\u2019ont pas \u00e9t\u00e9 factur\u00e9 aux clients\u00a0\u00bb<\/p>\n<p>Les clients qui avaient compris ont eu leurs commandes de fournitures ou leurs r\u00e9parations faites dans les d\u00e9lais.<\/p>\n<p>Louis-\u00c9ric Beckensteiner relance la marque DELTA pour concurrencer la Swatch.<\/p>\n<p>&nbsp;<\/p>\n<figure id=\"attachment_4674\" aria-describedby=\"caption-attachment-4674\" style=\"width: 870px\" class=\"wp-caption alignnone\"><img loading=\"lazy\" decoding=\"async\" class=\"size-full wp-image-4674\" src=\"https:\/\/leclubyema.com\/wp-content\/uploads\/2021\/01\/PHOTO-2021-01-17-09-57-59_GF.jpg\" alt=\"atelier Yema rue hilaire de chardonnet 2005 yema \" width=\"870\" height=\"1024\" srcset=\"https:\/\/leclubyema.com\/wp-content\/uploads\/2021\/01\/PHOTO-2021-01-17-09-57-59_GF.jpg 870w, https:\/\/leclubyema.com\/wp-content\/uploads\/2021\/01\/PHOTO-2021-01-17-09-57-59_GF-255x300.jpg 255w, https:\/\/leclubyema.com\/wp-content\/uploads\/2021\/01\/PHOTO-2021-01-17-09-57-59_GF-768x904.jpg 768w, https:\/\/leclubyema.com\/wp-content\/uploads\/2021\/01\/PHOTO-2021-01-17-09-57-59_GF-450x530.jpg 450w\" sizes=\"(max-width: 870px) 100vw, 870px\" \/><figcaption id=\"caption-attachment-4674\" class=\"wp-caption-text\">atelier Yema rue hilaire de chardonnet 2005 Yema CREDIT PHOTO bVV Le mensuel de la ville de Besan\u00e7on<\/figcaption><\/figure>\n<figure id=\"attachment_4676\" aria-describedby=\"caption-attachment-4676\" style=\"width: 813px\" class=\"wp-caption alignnone\"><img loading=\"lazy\" decoding=\"async\" class=\"size-full wp-image-4676\" src=\"https:\/\/leclubyema.com\/wp-content\/uploads\/2021\/01\/PHOTO-2021-01-17-10-05-21.jpg\" alt=\"atelier rue hilaire de chardonnet 2005 yema\" width=\"813\" height=\"1024\" srcset=\"https:\/\/leclubyema.com\/wp-content\/uploads\/2021\/01\/PHOTO-2021-01-17-10-05-21.jpg 813w, https:\/\/leclubyema.com\/wp-content\/uploads\/2021\/01\/PHOTO-2021-01-17-10-05-21-238x300.jpg 238w, https:\/\/leclubyema.com\/wp-content\/uploads\/2021\/01\/PHOTO-2021-01-17-10-05-21-768x967.jpg 768w, https:\/\/leclubyema.com\/wp-content\/uploads\/2021\/01\/PHOTO-2021-01-17-10-05-21-450x567.jpg 450w\" sizes=\"(max-width: 813px) 100vw, 813px\" \/><figcaption id=\"caption-attachment-4676\" class=\"wp-caption-text\">atelier rue hilaire de chardonnet 2005 yema source montre-de-luxe.com<\/figcaption><\/figure>\n<p>En 2008 Yema va emm\u00e9nager dans ses nouveaux locaux, le 17 mars \u00e0 la St Patrick. \u00a0\ud83d\ude09<\/p>\n<figure id=\"attachment_4675\" aria-describedby=\"caption-attachment-4675\" style=\"width: 1024px\" class=\"wp-caption alignnone\"><img loading=\"lazy\" decoding=\"async\" class=\"size-full wp-image-4675\" src=\"https:\/\/leclubyema.com\/wp-content\/uploads\/2021\/01\/PHOTO-2021-01-17-10-00-28_GF.jpg\" alt=\"atelier Yema18 rue Lafayette \u00e0 Besan\u00e7on.2008\" width=\"1024\" height=\"682\" srcset=\"https:\/\/leclubyema.com\/wp-content\/uploads\/2021\/01\/PHOTO-2021-01-17-10-00-28_GF.jpg 1024w, https:\/\/leclubyema.com\/wp-content\/uploads\/2021\/01\/PHOTO-2021-01-17-10-00-28_GF-300x200.jpg 300w, https:\/\/leclubyema.com\/wp-content\/uploads\/2021\/01\/PHOTO-2021-01-17-10-00-28_GF-768x512.jpg 768w, https:\/\/leclubyema.com\/wp-content\/uploads\/2021\/01\/PHOTO-2021-01-17-10-00-28_GF-450x300.jpg 450w\" sizes=\"(max-width: 1024px) 100vw, 1024px\" \/><figcaption id=\"caption-attachment-4675\" class=\"wp-caption-text\">Nouveaux locaux Yema 18 rue Lafayette \u00e0 Besan\u00e7on.2008<\/figcaption><\/figure>\n<figure id=\"attachment_4678\" aria-describedby=\"caption-attachment-4678\" style=\"width: 1024px\" class=\"wp-caption alignnone\"><img loading=\"lazy\" decoding=\"async\" class=\"size-full wp-image-4678\" src=\"https:\/\/leclubyema.com\/wp-content\/uploads\/2021\/01\/ATELIER-18-RUE-LAFAYETTE-YEMA-1.jpg\" alt=\"atelier Yema 18 rue Lafayette \u00e0 Besan\u00e7on.2008\" width=\"1024\" height=\"664\" srcset=\"https:\/\/leclubyema.com\/wp-content\/uploads\/2021\/01\/ATELIER-18-RUE-LAFAYETTE-YEMA-1.jpg 1024w, https:\/\/leclubyema.com\/wp-content\/uploads\/2021\/01\/ATELIER-18-RUE-LAFAYETTE-YEMA-1-300x195.jpg 300w, https:\/\/leclubyema.com\/wp-content\/uploads\/2021\/01\/ATELIER-18-RUE-LAFAYETTE-YEMA-1-768x498.jpg 768w, https:\/\/leclubyema.com\/wp-content\/uploads\/2021\/01\/ATELIER-18-RUE-LAFAYETTE-YEMA-1-450x292.jpg 450w\" sizes=\"(max-width: 1024px) 100vw, 1024px\" \/><figcaption id=\"caption-attachment-4678\" class=\"wp-caption-text\">atelier Yema 18 rue Lafayette \u00e0 Besan\u00e7on.2008<\/figcaption><\/figure>\n<p>&nbsp;<\/p>\n<p>Une anecdote marrante les employ\u00e9s avaient tous dans leur contrat droit \u00e0 1 montre gratuite par an et 2 bouteilles de beaujolais !! car une c\u00e9r\u00e9monie pour les m\u00e9dailles du travail et les anciennet\u00e9s maison \u00e9tait organis\u00e9e le 3<sup>e<\/sup> jeudi de novembre le jour du beaujolais et cet avantage sera conserv\u00e9 ensuite par le futur repreneur le Groupe Ambre.<\/p>\n<p>Il y a une belle horloge au-dessus des nouveaux locaux mais avec des aiguilles fixes ! surprenant pour un horloger comme le soulignait Jerry dans son article :<\/p>\n<p><a href=\"https:\/\/leclubyema.com\/index.php\/2018\/10\/04\/yema-un-homme-une-marque-partie-iii\/\">https:\/\/leclubyema.com\/index.php\/2018\/10\/04\/yema-un-homme-une-marque-partie-iii\/<\/a><\/p>\n<p>Patrick Guilleminot va aussi trouver cela curieux et va demander \u00e0\u00a0 Louis-\u00c9ric Beckensteiner pourquoi ? il a r\u00e9pondu je suis comme Fred Lip \u00ab\u00a0je ne donne pas l&rsquo;heure, je la vends\u00a0\u00bb<\/p>\n<figure id=\"attachment_4695\" aria-describedby=\"caption-attachment-4695\" style=\"width: 1024px\" class=\"wp-caption aligncenter\"><img loading=\"lazy\" decoding=\"async\" class=\"size-full wp-image-4695\" src=\"https:\/\/leclubyema.com\/wp-content\/uploads\/2021\/01\/PHOTO-2021-01-17-10-06-49_GF-1.jpg\" alt=\"yema dans ses nouveaux murs 2008\" width=\"1024\" height=\"735\" srcset=\"https:\/\/leclubyema.com\/wp-content\/uploads\/2021\/01\/PHOTO-2021-01-17-10-06-49_GF-1.jpg 1024w, https:\/\/leclubyema.com\/wp-content\/uploads\/2021\/01\/PHOTO-2021-01-17-10-06-49_GF-1-300x215.jpg 300w, https:\/\/leclubyema.com\/wp-content\/uploads\/2021\/01\/PHOTO-2021-01-17-10-06-49_GF-1-768x551.jpg 768w, https:\/\/leclubyema.com\/wp-content\/uploads\/2021\/01\/PHOTO-2021-01-17-10-06-49_GF-1-450x323.jpg 450w\" sizes=\"(max-width: 1024px) 100vw, 1024px\" \/><figcaption id=\"caption-attachment-4695\" class=\"wp-caption-text\">yema dans ses nouveaux murs 2008<\/figcaption><\/figure>\n<p>Il y a une ambiance familiale. L\u2019entreprise poss\u00e8de un terrain de p\u00e9tanque. Lors de la pose d\u00e9jeun\u00e9 nous jouons avec les boules estampill\u00e9es Yema Maison Horlog\u00e8re Fran\u00e7aise 1948.<\/p>\n<p>Voici les miennes en photos \u00a0\ud83d\ude09<\/p>\n<figure id=\"attachment_4696\" aria-describedby=\"caption-attachment-4696\" style=\"width: 940px\" class=\"wp-caption aligncenter\"><img loading=\"lazy\" decoding=\"async\" class=\"size-large wp-image-4696\" src=\"https:\/\/leclubyema.com\/wp-content\/uploads\/2021\/01\/boules-petanque-Yema-1024x768.jpg\" alt=\"boules p\u00e9tanque Yema\" width=\"940\" height=\"705\" srcset=\"https:\/\/leclubyema.com\/wp-content\/uploads\/2021\/01\/boules-petanque-Yema-1024x768.jpg 1024w, https:\/\/leclubyema.com\/wp-content\/uploads\/2021\/01\/boules-petanque-Yema-300x225.jpg 300w, https:\/\/leclubyema.com\/wp-content\/uploads\/2021\/01\/boules-petanque-Yema-768x576.jpg 768w, https:\/\/leclubyema.com\/wp-content\/uploads\/2021\/01\/boules-petanque-Yema-1536x1152.jpg 1536w, https:\/\/leclubyema.com\/wp-content\/uploads\/2021\/01\/boules-petanque-Yema-450x338.jpg 450w, https:\/\/leclubyema.com\/wp-content\/uploads\/2021\/01\/boules-petanque-Yema.jpg 2016w\" sizes=\"(max-width: 940px) 100vw, 940px\" \/><figcaption id=\"caption-attachment-4696\" class=\"wp-caption-text\">boules p\u00e9tanque Yema 2008<\/figcaption><\/figure>\n<p>&nbsp;<\/p>\n<p>une visite des locaux sera organis\u00e9e en septembre 2008 et Mr Guilleminot fera parti de ceux qui accueillent les visiteurs, comme le montre ce document extrait d&rsquo;un r\u00e9sum\u00e9 fait par Jecko sur chronomania et sur Fam,<\/p>\n<figure id=\"attachment_4679\" aria-describedby=\"caption-attachment-4679\" style=\"width: 768px\" class=\"wp-caption alignnone\"><img loading=\"lazy\" decoding=\"async\" class=\"size-full wp-image-4679\" src=\"https:\/\/leclubyema.com\/wp-content\/uploads\/2021\/01\/PHOTO-2021-01-17-10-22-313.jpg\" alt=\"visite yema 2008\" width=\"768\" height=\"1024\" srcset=\"https:\/\/leclubyema.com\/wp-content\/uploads\/2021\/01\/PHOTO-2021-01-17-10-22-313.jpg 768w, https:\/\/leclubyema.com\/wp-content\/uploads\/2021\/01\/PHOTO-2021-01-17-10-22-313-225x300.jpg 225w, https:\/\/leclubyema.com\/wp-content\/uploads\/2021\/01\/PHOTO-2021-01-17-10-22-313-450x600.jpg 450w\" sizes=\"(max-width: 768px) 100vw, 768px\" \/><figcaption id=\"caption-attachment-4679\" class=\"wp-caption-text\">visite Yema 2008 credit Jecko<\/figcaption><\/figure>\n<p>&nbsp;<\/p>\n<p>Malheureusement \u00e0 cause de la chute en bourse du partenaire principal de Yema la soci\u00e9t\u00e9 est brutalement mise en cessation d&rsquo;activit\u00e9 puis rachet\u00e9e par Ambre.<\/p>\n<p>&nbsp;<\/p>\n<h3><strong>De 2009 \u00e0 2010 chez Montre Ambre S.A filial Yema<\/strong> <strong><br \/>\nResponsable fabrication &amp; r\u00e9parations, ma\u00eetre Horloger<\/strong><\/h3>\n<p>En 2009 encore un d\u00e9m\u00e9nagement rue Einstein cette fois les rescap\u00e9s ne seront plus que 6\u00a0: un horloger, un agent de logistique, un fournituriste, une comptable, une commerciale et une assistante de direction.<\/p>\n<p>Voici un article tr\u00e8s int\u00e9ressant :<\/p>\n<figure id=\"attachment_4622\" aria-describedby=\"caption-attachment-4622\" style=\"width: 1024px\" class=\"wp-caption alignnone\"><img loading=\"lazy\" decoding=\"async\" class=\"size-full wp-image-4622\" src=\"https:\/\/leclubyema.com\/wp-content\/uploads\/2021\/01\/PHOTO-2021-01-17-10-19-42_GF.jpg\" alt=\"2010 yema les derniers horlogers \" width=\"1024\" height=\"821\" srcset=\"https:\/\/leclubyema.com\/wp-content\/uploads\/2021\/01\/PHOTO-2021-01-17-10-19-42_GF.jpg 1024w, https:\/\/leclubyema.com\/wp-content\/uploads\/2021\/01\/PHOTO-2021-01-17-10-19-42_GF-300x241.jpg 300w, https:\/\/leclubyema.com\/wp-content\/uploads\/2021\/01\/PHOTO-2021-01-17-10-19-42_GF-768x616.jpg 768w, https:\/\/leclubyema.com\/wp-content\/uploads\/2021\/01\/PHOTO-2021-01-17-10-19-42_GF-450x361.jpg 450w\" sizes=\"(max-width: 1024px) 100vw, 1024px\" \/><figcaption id=\"caption-attachment-4622\" class=\"wp-caption-text\">2010 yema les derniers horlogers<\/figcaption><\/figure>\n<p>En 2010 juste avant le d\u00e9m\u00e9nagement pour les locaux actuels de Yema (1 Rue Fontaine l&rsquo;\u00c9pine, 25500 Morteau) que Monsieur Guilleminot quitte Yema ! il est d\u00e9bauch\u00e9 par la Swatch-Group-France o\u00f9 il travaillera jusqu&rsquo;en 2018 comme horloger diagnostiqueur dans les anciens locaux de Yema au parc La Fayette.<\/p>\n<p><strong><em>\u00ab\u00a0je rentre chez Yema le 28 juin 1976 et j\u2019en sors le 28 juin 2018 des anciens locaux de Yema\u00a0\u00bb<\/em><\/strong><\/p>\n<p>Voil\u00e0 c&rsquo;est la fin, cet article retrace la vie d&rsquo;un ouvrier Yema qui a presque tout connu, sauf les toutes premi\u00e8res ann\u00e9es, il a particip\u00e9 \u00e0 l\u2019histoire de Yema et gr\u00e2ce \u00e0 son t\u00e9moignage et aux documents qu&rsquo;il m&rsquo;a fourni il va nous aider \u00e0 connaitre un peu plus le pass\u00e9 de cette marque qu&rsquo;on affectionne tant !<\/p>\n<p>Je n&rsquo;ai pas pu int\u00e9grer tous les documents confi\u00e9s mais ils seront petit \u00e0 petit int\u00e9gr\u00e9s au site et vont m\u00eame permettre de r\u00e9aliser un ou deux articles suppl\u00e9mentaires.<\/p>\n<p>Aujourd&rsquo;hui Mr Guilleminot n&rsquo;a rien gard\u00e9 comme pi\u00e8ces ou outils, apr\u00e8s 45 ans dans l&rsquo;horlogerie il a d\u00e9cid\u00e9 de passer \u00e0 autre chose et c&rsquo;est bien normal, et quand on lui demande quelle est sa montre pr\u00e9f\u00e9r\u00e9e la voici :<\/p>\n<p>&nbsp;<\/p>\n<p><img loading=\"lazy\" decoding=\"async\" class=\"aligncenter size-large wp-image-4682\" src=\"https:\/\/leclubyema.com\/wp-content\/uploads\/2021\/01\/PHOTO-2021-01-14-10-31-42-1024x1024.jpg\" alt=\"\" width=\"940\" height=\"940\" srcset=\"https:\/\/leclubyema.com\/wp-content\/uploads\/2021\/01\/PHOTO-2021-01-14-10-31-42.jpg 1024w, https:\/\/leclubyema.com\/wp-content\/uploads\/2021\/01\/PHOTO-2021-01-14-10-31-42-300x300.jpg 300w, https:\/\/leclubyema.com\/wp-content\/uploads\/2021\/01\/PHOTO-2021-01-14-10-31-42-150x150.jpg 150w, https:\/\/leclubyema.com\/wp-content\/uploads\/2021\/01\/PHOTO-2021-01-14-10-31-42-768x768.jpg 768w, https:\/\/leclubyema.com\/wp-content\/uploads\/2021\/01\/PHOTO-2021-01-14-10-31-42-450x450.jpg 450w\" sizes=\"(max-width: 940px) 100vw, 940px\" \/><\/p>\n<p>Un grand merci Mr Patrick Guilleminot, j&rsquo;espere pouvoir vous rencontrer lors de mon prochain passage dans le Doubs \u00a0\ud83d\ude09<\/p>\n<p>&nbsp;<\/p>\n<p>&nbsp;<\/p>\n<p>Batilou 22 janvier 2021 avec Mr Guilleminot de Besan\u00e7on<\/p>\n<p><img loading=\"lazy\" decoding=\"async\" class=\"size-full wp-image-4457 aligncenter\" src=\"https:\/\/leclubyema.com\/wp-content\/uploads\/2018\/05\/cropped-Logo_ClubYema_OK_250x250-2.jpg\" alt=\"\" width=\"250\" height=\"72\" \/><\/p>\n<p>&nbsp;<\/p>\n<p>&nbsp;<\/p>\n<p>.<\/p>\n<p>&nbsp;<\/p>\n","protected":false},"excerpt":{"rendered":"<p>&nbsp; &nbsp; Il y a peu, nous avons \u00e9t\u00e9 contact\u00e9s via le formulaire du site par Patrick Guilleminot. [&hellip;]<\/p>\n","protected":false},"author":2,"featured_media":4683,"comment_status":"open","ping_status":"open","sticky":false,"template":"","format":"standard","meta":{"_crdt_document":"","_monsterinsights_skip_tracking":false,"_monsterinsights_sitenote_active":false,"_monsterinsights_sitenote_note":"","_monsterinsights_sitenote_category":0,"two_page_speed":[],"footnotes":""},"categories":[152,183],"tags":[227,21,88,100,149,148,101,228,50,75,226,4,47],"class_list":["post-4601","post","type-post","status-publish","format-standard","has-post-thumbnail","hentry","category-temoignages","category-yema-vintage","tag-227","tag-ambre","tag-cgh","tag-ecole-nationale-dhorlogerie","tag-henry-john-belmont-pdg-yema","tag-henry-louis-belmont-pdg-yema","tag-histoire-yema","tag-horloger","tag-le-club-yema","tag-matra-horlogerie","tag-patrick-guilleminot","tag-superman","tag-yema"],"yoast_head":"<!-- This site is optimized with the Yoast SEO plugin v27.4 - https:\/\/yoast.com\/product\/yoast-seo-wordpress\/ -->\n<title>Entretien avec Patrick Guilleminot horloger chez Yema (1976 - 2010) &#8211; LE CLUB YEMA<\/title>\n<meta name=\"description\" content=\"une carri\u00e8re d&#039;un horloger chez Yema de 1976 \u00e0 2010, monsieur Patrick Guilleminot, il nous livre son t\u00e9moignage sur toutes ces ann\u00e9es.\" \/>\n<meta name=\"robots\" content=\"index, follow, max-snippet:-1, max-image-preview:large, max-video-preview:-1\" \/>\n<link rel=\"canonical\" href=\"https:\/\/leclubyema.com\/index.php\/2021\/01\/29\/entretien-avec-patrick-guilleminot-horloger-chez-yema-1976-2010\/\" \/>\n<meta property=\"og:locale\" content=\"fr_FR\" \/>\n<meta property=\"og:type\" content=\"article\" \/>\n<meta property=\"og:title\" content=\"Entretien avec Patrick Guilleminot horloger chez Yema (1976 - 2010) &#8211; LE CLUB YEMA\" \/>\n<meta property=\"og:description\" content=\"une carri\u00e8re d&#039;un horloger chez Yema de 1976 \u00e0 2010, monsieur Patrick Guilleminot, il nous livre son t\u00e9moignage sur toutes ces ann\u00e9es.\" \/>\n<meta property=\"og:url\" content=\"https:\/\/leclubyema.com\/index.php\/2021\/01\/29\/entretien-avec-patrick-guilleminot-horloger-chez-yema-1976-2010\/\" \/>\n<meta property=\"og:site_name\" content=\"LE CLUB YEMA\" \/>\n<meta property=\"article:publisher\" content=\"https:\/\/www.facebook.com\/groups\/287686301762220\" \/>\n<meta property=\"article:published_time\" content=\"2021-01-29T17:59:36+00:00\" \/>\n<meta property=\"article:modified_time\" content=\"2021-02-06T12:57:59+00:00\" \/>\n<meta property=\"og:image\" content=\"https:\/\/i2.wp.com\/leclubyema.com\/wp-content\/uploads\/2021\/01\/PHOTO-2021-01-17-09-57-59_GFbis.jpg?fit=629%2C417&ssl=1\" \/>\n\t<meta property=\"og:image:width\" content=\"629\" \/>\n\t<meta property=\"og:image:height\" content=\"417\" \/>\n\t<meta property=\"og:image:type\" content=\"image\/jpeg\" \/>\n<meta name=\"author\" content=\"Batilou\" \/>\n<meta name=\"twitter:card\" content=\"summary_large_image\" \/>\n<meta name=\"twitter:label1\" content=\"\u00c9crit par\" \/>\n\t<meta name=\"twitter:data1\" content=\"Batilou\" \/>\n\t<meta name=\"twitter:label2\" content=\"Dur\u00e9e de lecture estim\u00e9e\" \/>\n\t<meta name=\"twitter:data2\" content=\"15 minutes\" \/>\n<script type=\"application\/ld+json\" class=\"yoast-schema-graph\">{\"@context\":\"https:\\\/\\\/schema.org\",\"@graph\":[{\"@type\":\"Article\",\"@id\":\"https:\\\/\\\/leclubyema.com\\\/index.php\\\/2021\\\/01\\\/29\\\/entretien-avec-patrick-guilleminot-horloger-chez-yema-1976-2010\\\/#article\",\"isPartOf\":{\"@id\":\"https:\\\/\\\/leclubyema.com\\\/index.php\\\/2021\\\/01\\\/29\\\/entretien-avec-patrick-guilleminot-horloger-chez-yema-1976-2010\\\/\"},\"author\":{\"name\":\"Batilou\",\"@id\":\"https:\\\/\\\/leclubyema.com\\\/#\\\/schema\\\/person\\\/227c3abcd884572d3b46615b6ffd23c6\"},\"headline\":\"Entretien avec Patrick Guilleminot horloger chez Yema (1976 &#8211; 2010)\",\"datePublished\":\"2021-01-29T17:59:36+00:00\",\"dateModified\":\"2021-02-06T12:57:59+00:00\",\"mainEntityOfPage\":{\"@id\":\"https:\\\/\\\/leclubyema.com\\\/index.php\\\/2021\\\/01\\\/29\\\/entretien-avec-patrick-guilleminot-horloger-chez-yema-1976-2010\\\/\"},\"wordCount\":2571,\"commentCount\":12,\"publisher\":{\"@id\":\"https:\\\/\\\/leclubyema.com\\\/#organization\"},\"image\":{\"@id\":\"https:\\\/\\\/leclubyema.com\\\/index.php\\\/2021\\\/01\\\/29\\\/entretien-avec-patrick-guilleminot-horloger-chez-yema-1976-2010\\\/#primaryimage\"},\"thumbnailUrl\":\"https:\\\/\\\/leclubyema.com\\\/wp-content\\\/uploads\\\/2021\\\/01\\\/PHOTO-2021-01-17-09-57-59_GFbis.jpg\",\"keywords\":[\"1976\",\"Ambre\",\"CGH\",\"Ecole Nationale d'Horlogerie\",\"Henry John Belmont PDG YEMA\",\"Henry Louis Belmont PDG YEMA\",\"Histoire Yema\",\"horloger\",\"Le Club Yema\",\"Matra Horlogerie\",\"Patrick Guilleminot\",\"Superman\",\"Yema\"],\"articleSection\":[\"T\u00e9moignages\",\"YEMA d'hier\"],\"inLanguage\":\"fr-FR\",\"potentialAction\":[{\"@type\":\"CommentAction\",\"name\":\"Comment\",\"target\":[\"https:\\\/\\\/leclubyema.com\\\/index.php\\\/2021\\\/01\\\/29\\\/entretien-avec-patrick-guilleminot-horloger-chez-yema-1976-2010\\\/#respond\"]}]},{\"@type\":\"WebPage\",\"@id\":\"https:\\\/\\\/leclubyema.com\\\/index.php\\\/2021\\\/01\\\/29\\\/entretien-avec-patrick-guilleminot-horloger-chez-yema-1976-2010\\\/\",\"url\":\"https:\\\/\\\/leclubyema.com\\\/index.php\\\/2021\\\/01\\\/29\\\/entretien-avec-patrick-guilleminot-horloger-chez-yema-1976-2010\\\/\",\"name\":\"Entretien avec Patrick Guilleminot horloger chez Yema (1976 - 2010) &#8211; LE CLUB YEMA\",\"isPartOf\":{\"@id\":\"https:\\\/\\\/leclubyema.com\\\/#website\"},\"primaryImageOfPage\":{\"@id\":\"https:\\\/\\\/leclubyema.com\\\/index.php\\\/2021\\\/01\\\/29\\\/entretien-avec-patrick-guilleminot-horloger-chez-yema-1976-2010\\\/#primaryimage\"},\"image\":{\"@id\":\"https:\\\/\\\/leclubyema.com\\\/index.php\\\/2021\\\/01\\\/29\\\/entretien-avec-patrick-guilleminot-horloger-chez-yema-1976-2010\\\/#primaryimage\"},\"thumbnailUrl\":\"https:\\\/\\\/leclubyema.com\\\/wp-content\\\/uploads\\\/2021\\\/01\\\/PHOTO-2021-01-17-09-57-59_GFbis.jpg\",\"datePublished\":\"2021-01-29T17:59:36+00:00\",\"dateModified\":\"2021-02-06T12:57:59+00:00\",\"description\":\"une carri\u00e8re d'un horloger chez Yema de 1976 \u00e0 2010, monsieur Patrick Guilleminot, il nous livre son t\u00e9moignage sur toutes ces ann\u00e9es.\",\"breadcrumb\":{\"@id\":\"https:\\\/\\\/leclubyema.com\\\/index.php\\\/2021\\\/01\\\/29\\\/entretien-avec-patrick-guilleminot-horloger-chez-yema-1976-2010\\\/#breadcrumb\"},\"inLanguage\":\"fr-FR\",\"potentialAction\":[{\"@type\":\"ReadAction\",\"target\":[\"https:\\\/\\\/leclubyema.com\\\/index.php\\\/2021\\\/01\\\/29\\\/entretien-avec-patrick-guilleminot-horloger-chez-yema-1976-2010\\\/\"]}]},{\"@type\":\"ImageObject\",\"inLanguage\":\"fr-FR\",\"@id\":\"https:\\\/\\\/leclubyema.com\\\/index.php\\\/2021\\\/01\\\/29\\\/entretien-avec-patrick-guilleminot-horloger-chez-yema-1976-2010\\\/#primaryimage\",\"url\":\"https:\\\/\\\/leclubyema.com\\\/wp-content\\\/uploads\\\/2021\\\/01\\\/PHOTO-2021-01-17-09-57-59_GFbis.jpg\",\"contentUrl\":\"https:\\\/\\\/leclubyema.com\\\/wp-content\\\/uploads\\\/2021\\\/01\\\/PHOTO-2021-01-17-09-57-59_GFbis.jpg\",\"width\":629,\"height\":417,\"caption\":\"patrick guilleminot yema\"},{\"@type\":\"BreadcrumbList\",\"@id\":\"https:\\\/\\\/leclubyema.com\\\/index.php\\\/2021\\\/01\\\/29\\\/entretien-avec-patrick-guilleminot-horloger-chez-yema-1976-2010\\\/#breadcrumb\",\"itemListElement\":[{\"@type\":\"ListItem\",\"position\":1,\"name\":\"Accueil\",\"item\":\"https:\\\/\\\/leclubyema.com\\\/\"},{\"@type\":\"ListItem\",\"position\":2,\"name\":\"Entretien avec Patrick Guilleminot horloger chez Yema (1976 &#8211; 2010)\"}]},{\"@type\":\"WebSite\",\"@id\":\"https:\\\/\\\/leclubyema.com\\\/#website\",\"url\":\"https:\\\/\\\/leclubyema.com\\\/\",\"name\":\"LE CLUB YEMA\",\"description\":\"L&#039;univers des montres Yema d&#039;antan et d&#039;aujourd&#039;hui\",\"publisher\":{\"@id\":\"https:\\\/\\\/leclubyema.com\\\/#organization\"},\"potentialAction\":[{\"@type\":\"SearchAction\",\"target\":{\"@type\":\"EntryPoint\",\"urlTemplate\":\"https:\\\/\\\/leclubyema.com\\\/?s={search_term_string}\"},\"query-input\":{\"@type\":\"PropertyValueSpecification\",\"valueRequired\":true,\"valueName\":\"search_term_string\"}}],\"inLanguage\":\"fr-FR\"},{\"@type\":\"Organization\",\"@id\":\"https:\\\/\\\/leclubyema.com\\\/#organization\",\"name\":\"Le Club Yema\",\"url\":\"https:\\\/\\\/leclubyema.com\\\/\",\"logo\":{\"@type\":\"ImageObject\",\"inLanguage\":\"fr-FR\",\"@id\":\"https:\\\/\\\/leclubyema.com\\\/#\\\/schema\\\/logo\\\/image\\\/\",\"url\":\"https:\\\/\\\/i0.wp.com\\\/leclubyema.com\\\/wp-content\\\/uploads\\\/2018\\\/05\\\/Logo_ClubYema_OK.jpg?fit=1547%2C636&ssl=1\",\"contentUrl\":\"https:\\\/\\\/i0.wp.com\\\/leclubyema.com\\\/wp-content\\\/uploads\\\/2018\\\/05\\\/Logo_ClubYema_OK.jpg?fit=1547%2C636&ssl=1\",\"width\":1547,\"height\":636,\"caption\":\"Le Club Yema\"},\"image\":{\"@id\":\"https:\\\/\\\/leclubyema.com\\\/#\\\/schema\\\/logo\\\/image\\\/\"},\"sameAs\":[\"https:\\\/\\\/www.facebook.com\\\/groups\\\/287686301762220\",\"https:\\\/\\\/www.instagram.com\\\/leclubyema\\\/\"]},{\"@type\":\"Person\",\"@id\":\"https:\\\/\\\/leclubyema.com\\\/#\\\/schema\\\/person\\\/227c3abcd884572d3b46615b6ffd23c6\",\"name\":\"Batilou\",\"image\":{\"@type\":\"ImageObject\",\"inLanguage\":\"fr-FR\",\"@id\":\"https:\\\/\\\/secure.gravatar.com\\\/avatar\\\/969ce61ad473b46901b46bbbb64ceff6c0f91f5382eb42245cc6c19111fe56d3?s=96&d=mm&r=g\",\"url\":\"https:\\\/\\\/secure.gravatar.com\\\/avatar\\\/969ce61ad473b46901b46bbbb64ceff6c0f91f5382eb42245cc6c19111fe56d3?s=96&d=mm&r=g\",\"contentUrl\":\"https:\\\/\\\/secure.gravatar.com\\\/avatar\\\/969ce61ad473b46901b46bbbb64ceff6c0f91f5382eb42245cc6c19111fe56d3?s=96&d=mm&r=g\",\"caption\":\"Batilou\"},\"url\":\"https:\\\/\\\/leclubyema.com\\\/index.php\\\/author\\\/batilou\\\/\"}]}<\/script>\n<!-- \/ Yoast SEO plugin. -->","yoast_head_json":{"title":"Entretien avec Patrick Guilleminot horloger chez Yema (1976 - 2010) &#8211; LE CLUB YEMA","description":"une carri\u00e8re d'un horloger chez Yema de 1976 \u00e0 2010, monsieur Patrick Guilleminot, il nous livre son t\u00e9moignage sur toutes ces ann\u00e9es.","robots":{"index":"index","follow":"follow","max-snippet":"max-snippet:-1","max-image-preview":"max-image-preview:large","max-video-preview":"max-video-preview:-1"},"canonical":"https:\/\/leclubyema.com\/index.php\/2021\/01\/29\/entretien-avec-patrick-guilleminot-horloger-chez-yema-1976-2010\/","og_locale":"fr_FR","og_type":"article","og_title":"Entretien avec Patrick Guilleminot horloger chez Yema (1976 - 2010) &#8211; LE CLUB YEMA","og_description":"une carri\u00e8re d'un horloger chez Yema de 1976 \u00e0 2010, monsieur Patrick Guilleminot, il nous livre son t\u00e9moignage sur toutes ces ann\u00e9es.","og_url":"https:\/\/leclubyema.com\/index.php\/2021\/01\/29\/entretien-avec-patrick-guilleminot-horloger-chez-yema-1976-2010\/","og_site_name":"LE CLUB YEMA","article_publisher":"https:\/\/www.facebook.com\/groups\/287686301762220","article_published_time":"2021-01-29T17:59:36+00:00","article_modified_time":"2021-02-06T12:57:59+00:00","og_image":[{"width":629,"height":417,"url":"https:\/\/i2.wp.com\/leclubyema.com\/wp-content\/uploads\/2021\/01\/PHOTO-2021-01-17-09-57-59_GFbis.jpg?fit=629%2C417&ssl=1","type":"image\/jpeg"}],"author":"Batilou","twitter_card":"summary_large_image","twitter_misc":{"\u00c9crit par":"Batilou","Dur\u00e9e de lecture estim\u00e9e":"15 minutes"},"schema":{"@context":"https:\/\/schema.org","@graph":[{"@type":"Article","@id":"https:\/\/leclubyema.com\/index.php\/2021\/01\/29\/entretien-avec-patrick-guilleminot-horloger-chez-yema-1976-2010\/#article","isPartOf":{"@id":"https:\/\/leclubyema.com\/index.php\/2021\/01\/29\/entretien-avec-patrick-guilleminot-horloger-chez-yema-1976-2010\/"},"author":{"name":"Batilou","@id":"https:\/\/leclubyema.com\/#\/schema\/person\/227c3abcd884572d3b46615b6ffd23c6"},"headline":"Entretien avec Patrick Guilleminot horloger chez Yema (1976 &#8211; 2010)","datePublished":"2021-01-29T17:59:36+00:00","dateModified":"2021-02-06T12:57:59+00:00","mainEntityOfPage":{"@id":"https:\/\/leclubyema.com\/index.php\/2021\/01\/29\/entretien-avec-patrick-guilleminot-horloger-chez-yema-1976-2010\/"},"wordCount":2571,"commentCount":12,"publisher":{"@id":"https:\/\/leclubyema.com\/#organization"},"image":{"@id":"https:\/\/leclubyema.com\/index.php\/2021\/01\/29\/entretien-avec-patrick-guilleminot-horloger-chez-yema-1976-2010\/#primaryimage"},"thumbnailUrl":"https:\/\/leclubyema.com\/wp-content\/uploads\/2021\/01\/PHOTO-2021-01-17-09-57-59_GFbis.jpg","keywords":["1976","Ambre","CGH","Ecole Nationale d'Horlogerie","Henry John Belmont PDG YEMA","Henry Louis Belmont PDG YEMA","Histoire Yema","horloger","Le Club Yema","Matra Horlogerie","Patrick Guilleminot","Superman","Yema"],"articleSection":["T\u00e9moignages","YEMA d'hier"],"inLanguage":"fr-FR","potentialAction":[{"@type":"CommentAction","name":"Comment","target":["https:\/\/leclubyema.com\/index.php\/2021\/01\/29\/entretien-avec-patrick-guilleminot-horloger-chez-yema-1976-2010\/#respond"]}]},{"@type":"WebPage","@id":"https:\/\/leclubyema.com\/index.php\/2021\/01\/29\/entretien-avec-patrick-guilleminot-horloger-chez-yema-1976-2010\/","url":"https:\/\/leclubyema.com\/index.php\/2021\/01\/29\/entretien-avec-patrick-guilleminot-horloger-chez-yema-1976-2010\/","name":"Entretien avec Patrick Guilleminot horloger chez Yema (1976 - 2010) &#8211; LE CLUB YEMA","isPartOf":{"@id":"https:\/\/leclubyema.com\/#website"},"primaryImageOfPage":{"@id":"https:\/\/leclubyema.com\/index.php\/2021\/01\/29\/entretien-avec-patrick-guilleminot-horloger-chez-yema-1976-2010\/#primaryimage"},"image":{"@id":"https:\/\/leclubyema.com\/index.php\/2021\/01\/29\/entretien-avec-patrick-guilleminot-horloger-chez-yema-1976-2010\/#primaryimage"},"thumbnailUrl":"https:\/\/leclubyema.com\/wp-content\/uploads\/2021\/01\/PHOTO-2021-01-17-09-57-59_GFbis.jpg","datePublished":"2021-01-29T17:59:36+00:00","dateModified":"2021-02-06T12:57:59+00:00","description":"une carri\u00e8re d'un horloger chez Yema de 1976 \u00e0 2010, monsieur Patrick Guilleminot, il nous livre son t\u00e9moignage sur toutes ces ann\u00e9es.","breadcrumb":{"@id":"https:\/\/leclubyema.com\/index.php\/2021\/01\/29\/entretien-avec-patrick-guilleminot-horloger-chez-yema-1976-2010\/#breadcrumb"},"inLanguage":"fr-FR","potentialAction":[{"@type":"ReadAction","target":["https:\/\/leclubyema.com\/index.php\/2021\/01\/29\/entretien-avec-patrick-guilleminot-horloger-chez-yema-1976-2010\/"]}]},{"@type":"ImageObject","inLanguage":"fr-FR","@id":"https:\/\/leclubyema.com\/index.php\/2021\/01\/29\/entretien-avec-patrick-guilleminot-horloger-chez-yema-1976-2010\/#primaryimage","url":"https:\/\/leclubyema.com\/wp-content\/uploads\/2021\/01\/PHOTO-2021-01-17-09-57-59_GFbis.jpg","contentUrl":"https:\/\/leclubyema.com\/wp-content\/uploads\/2021\/01\/PHOTO-2021-01-17-09-57-59_GFbis.jpg","width":629,"height":417,"caption":"patrick guilleminot yema"},{"@type":"BreadcrumbList","@id":"https:\/\/leclubyema.com\/index.php\/2021\/01\/29\/entretien-avec-patrick-guilleminot-horloger-chez-yema-1976-2010\/#breadcrumb","itemListElement":[{"@type":"ListItem","position":1,"name":"Accueil","item":"https:\/\/leclubyema.com\/"},{"@type":"ListItem","position":2,"name":"Entretien avec Patrick Guilleminot horloger chez Yema (1976 &#8211; 2010)"}]},{"@type":"WebSite","@id":"https:\/\/leclubyema.com\/#website","url":"https:\/\/leclubyema.com\/","name":"LE CLUB YEMA","description":"L&#039;univers des montres Yema d&#039;antan et d&#039;aujourd&#039;hui","publisher":{"@id":"https:\/\/leclubyema.com\/#organization"},"potentialAction":[{"@type":"SearchAction","target":{"@type":"EntryPoint","urlTemplate":"https:\/\/leclubyema.com\/?s={search_term_string}"},"query-input":{"@type":"PropertyValueSpecification","valueRequired":true,"valueName":"search_term_string"}}],"inLanguage":"fr-FR"},{"@type":"Organization","@id":"https:\/\/leclubyema.com\/#organization","name":"Le Club Yema","url":"https:\/\/leclubyema.com\/","logo":{"@type":"ImageObject","inLanguage":"fr-FR","@id":"https:\/\/leclubyema.com\/#\/schema\/logo\/image\/","url":"https:\/\/i0.wp.com\/leclubyema.com\/wp-content\/uploads\/2018\/05\/Logo_ClubYema_OK.jpg?fit=1547%2C636&ssl=1","contentUrl":"https:\/\/i0.wp.com\/leclubyema.com\/wp-content\/uploads\/2018\/05\/Logo_ClubYema_OK.jpg?fit=1547%2C636&ssl=1","width":1547,"height":636,"caption":"Le Club Yema"},"image":{"@id":"https:\/\/leclubyema.com\/#\/schema\/logo\/image\/"},"sameAs":["https:\/\/www.facebook.com\/groups\/287686301762220","https:\/\/www.instagram.com\/leclubyema\/"]},{"@type":"Person","@id":"https:\/\/leclubyema.com\/#\/schema\/person\/227c3abcd884572d3b46615b6ffd23c6","name":"Batilou","image":{"@type":"ImageObject","inLanguage":"fr-FR","@id":"https:\/\/secure.gravatar.com\/avatar\/969ce61ad473b46901b46bbbb64ceff6c0f91f5382eb42245cc6c19111fe56d3?s=96&d=mm&r=g","url":"https:\/\/secure.gravatar.com\/avatar\/969ce61ad473b46901b46bbbb64ceff6c0f91f5382eb42245cc6c19111fe56d3?s=96&d=mm&r=g","contentUrl":"https:\/\/secure.gravatar.com\/avatar\/969ce61ad473b46901b46bbbb64ceff6c0f91f5382eb42245cc6c19111fe56d3?s=96&d=mm&r=g","caption":"Batilou"},"url":"https:\/\/leclubyema.com\/index.php\/author\/batilou\/"}]}},"_links":{"self":[{"href":"https:\/\/leclubyema.com\/index.php\/wp-json\/wp\/v2\/posts\/4601","targetHints":{"allow":["GET"]}}],"collection":[{"href":"https:\/\/leclubyema.com\/index.php\/wp-json\/wp\/v2\/posts"}],"about":[{"href":"https:\/\/leclubyema.com\/index.php\/wp-json\/wp\/v2\/types\/post"}],"author":[{"embeddable":true,"href":"https:\/\/leclubyema.com\/index.php\/wp-json\/wp\/v2\/users\/2"}],"replies":[{"embeddable":true,"href":"https:\/\/leclubyema.com\/index.php\/wp-json\/wp\/v2\/comments?post=4601"}],"version-history":[{"count":26,"href":"https:\/\/leclubyema.com\/index.php\/wp-json\/wp\/v2\/posts\/4601\/revisions"}],"predecessor-version":[{"id":4727,"href":"https:\/\/leclubyema.com\/index.php\/wp-json\/wp\/v2\/posts\/4601\/revisions\/4727"}],"wp:featuredmedia":[{"embeddable":true,"href":"https:\/\/leclubyema.com\/index.php\/wp-json\/wp\/v2\/media\/4683"}],"wp:attachment":[{"href":"https:\/\/leclubyema.com\/index.php\/wp-json\/wp\/v2\/media?parent=4601"}],"wp:term":[{"taxonomy":"category","embeddable":true,"href":"https:\/\/leclubyema.com\/index.php\/wp-json\/wp\/v2\/categories?post=4601"},{"taxonomy":"post_tag","embeddable":true,"href":"https:\/\/leclubyema.com\/index.php\/wp-json\/wp\/v2\/tags?post=4601"}],"curies":[{"name":"wp","href":"https:\/\/api.w.org\/{rel}","templated":true}]}}