{"id":3266,"date":"2019-11-27T19:21:32","date_gmt":"2019-11-27T18:21:32","guid":{"rendered":"http:\/\/leclubyema.com\/?p=3266"},"modified":"2020-05-21T00:33:13","modified_gmt":"2020-05-20T22:33:13","slug":"yema-rallygraf-meca-quartz-le-plaisir-accessible","status":"publish","type":"post","link":"https:\/\/leclubyema.com\/index.php\/2019\/11\/27\/yema-rallygraf-meca-quartz-le-plaisir-accessible\/","title":{"rendered":"YEMA Rallygraf m\u00e9ca-quartz : le plaisir accessible"},"content":{"rendered":"<p><span style=\"font-family: verdana, geneva, sans-serif; font-size: 12pt;\">Ce week-end, je suis all\u00e9 voir au cin\u00e9ma <em><strong>Le Mans 66<\/strong><\/em>. Gros film consacr\u00e9 \u00e0 l\u2019aventure conjointe de Carroll Shelby et Ken Miles pour mener Ford \u00e0 la victoire des mythiques 24h du Mans apr\u00e8s des ann\u00e9es de domination par Ferrari. Je me suis r\u00e9gal\u00e9. Je laisse le soin aux amateurs \u00e9clair\u00e9s de commenter les qualit\u00e9s ou \u00e9ventuels d\u00e9fauts historiques ou techniques de ce film. Mais en sortant, je tenais le th\u00e8me de cette revue !<\/span><\/p>\n<figure id=\"attachment_3256\" aria-describedby=\"caption-attachment-3256\" style=\"width: 768px\" class=\"wp-caption aligncenter\"><img fetchpriority=\"high\" decoding=\"async\" class=\"size-large wp-image-3256\" src=\"http:\/\/leclubyema.com\/wp-content\/uploads\/2019\/11\/YEMA-Rallygraf-Meca-quartz_Titre-768x1024.jpg\" alt=\"Chrono YEMA Rallygraf m\u00e9ca-quartz\" width=\"768\" height=\"1024\" srcset=\"https:\/\/leclubyema.com\/wp-content\/uploads\/2019\/11\/YEMA-Rallygraf-Meca-quartz_Titre-768x1024.jpg 768w, https:\/\/leclubyema.com\/wp-content\/uploads\/2019\/11\/YEMA-Rallygraf-Meca-quartz_Titre-225x300.jpg 225w, https:\/\/leclubyema.com\/wp-content\/uploads\/2019\/11\/YEMA-Rallygraf-Meca-quartz_Titre-1152x1536.jpg 1152w, https:\/\/leclubyema.com\/wp-content\/uploads\/2019\/11\/YEMA-Rallygraf-Meca-quartz_Titre-1536x2048.jpg 1536w, https:\/\/leclubyema.com\/wp-content\/uploads\/2019\/11\/YEMA-Rallygraf-Meca-quartz_Titre-450x600.jpg 450w, https:\/\/leclubyema.com\/wp-content\/uploads\/2019\/11\/YEMA-Rallygraf-Meca-quartz_Titre-1024x1366.jpg 1024w, https:\/\/leclubyema.com\/wp-content\/uploads\/2019\/11\/YEMA-Rallygraf-Meca-quartz_Titre-scaled.jpg 1920w\" sizes=\"(max-width: 768px) 100vw, 768px\" \/><figcaption id=\"caption-attachment-3256\" class=\"wp-caption-text\">Le Chrono YEMA Rallygraf m\u00e9ca-quartz. Cr\u00e9dit : Jerry<\/figcaption><\/figure>\n<p><span style=\"font-family: verdana, geneva, sans-serif; font-size: 12pt;\">Imagine la sc\u00e8ne :<\/span><\/p>\n<ul style=\"list-style-type: circle;\">\n<li><span style=\"font-family: verdana, geneva, sans-serif; font-size: 12pt;\">Hey Caroll, il est joli ton p\u2019tit chrono !<\/span><\/li>\n<li><span style=\"font-family: verdana, geneva, sans-serif; font-size: 12pt;\">Ah bon ? Tu trouves ? C\u2019est un Yema.<\/span><\/li>\n<li><span style=\"font-family: verdana, geneva, sans-serif; font-size: 12pt;\">Yema ?! <\/span><\/li>\n<li><span style=\"font-family: verdana, geneva, sans-serif; font-size: 12pt;\">Ben oui, tu connais pas ? C\u2019est une marque fran\u00e7aise vachement sympa.<\/span><\/li>\n<li><span style=\"font-family: verdana, geneva, sans-serif; font-size: 12pt;\">Tu me fais voir \u00e7a ?<\/span><\/li>\n<\/ul>\n<h3><span style=\"font-family: verdana, geneva, sans-serif; font-size: 18pt; color: #003366;\"><strong>La carrosserie<\/strong><\/span><\/h3>\n<ul style=\"list-style-type: circle;\">\n<li><span style=\"font-family: verdana, geneva, sans-serif; font-size: 12pt;\"><span style=\"font-family: verdana, geneva, sans-serif; font-size: 12pt;\"><span style=\"font-family: verdana, geneva, sans-serif; font-size: 12pt;\">Alors. P\u2019tite vue d\u2019ensemble pour commencer. Pas besoin de pieds \u00e0 coulisse pour les mesures. Elles sont sur la doc. Et \u00e7a tombe bien, je l&rsquo;ai dans la poche. Regarde&#8230;<\/span><\/span><\/span>\n<figure id=\"attachment_3280\" aria-describedby=\"caption-attachment-3280\" style=\"width: 940px\" class=\"wp-caption aligncenter\"><img decoding=\"async\" class=\"size-large wp-image-3280\" src=\"http:\/\/leclubyema.com\/wp-content\/uploads\/2019\/11\/YEMA-Rallygraf-m\u00e9ca-quartz_cotes-1024x792.jpg\" alt=\"YEMA Rallygraf m\u00e9ca-quartz_cotes\" width=\"940\" height=\"727\" srcset=\"https:\/\/leclubyema.com\/wp-content\/uploads\/2019\/11\/YEMA-Rallygraf-m\u00e9ca-quartz_cotes-1024x792.jpg 1024w, https:\/\/leclubyema.com\/wp-content\/uploads\/2019\/11\/YEMA-Rallygraf-m\u00e9ca-quartz_cotes-300x232.jpg 300w, https:\/\/leclubyema.com\/wp-content\/uploads\/2019\/11\/YEMA-Rallygraf-m\u00e9ca-quartz_cotes-768x594.jpg 768w, https:\/\/leclubyema.com\/wp-content\/uploads\/2019\/11\/YEMA-Rallygraf-m\u00e9ca-quartz_cotes-1536x1189.jpg 1536w, https:\/\/leclubyema.com\/wp-content\/uploads\/2019\/11\/YEMA-Rallygraf-m\u00e9ca-quartz_cotes-2048x1585.jpg 2048w, https:\/\/leclubyema.com\/wp-content\/uploads\/2019\/11\/YEMA-Rallygraf-m\u00e9ca-quartz_cotes-450x348.jpg 450w\" sizes=\"(max-width: 940px) 100vw, 940px\" \/><figcaption id=\"caption-attachment-3280\" class=\"wp-caption-text\">YEMA Rallygraf m\u00e9ca-quartz. Source www.yema.com. Cr\u00e9dit : Jerry<\/figcaption><\/figure>\n<p><span style=\"font-family: verdana, geneva, sans-serif; font-size: 12pt;\">&#8230;et en plus il fait 13mm d&rsquo;\u00e9paisseur et, le boitier c&rsquo;est de l&rsquo;Acier 316 L<\/span><\/li>\n<\/ul>\n<ul>\n<li style=\"list-style-type: none;\"><\/li>\n<\/ul>\n<ul style=\"list-style-type: circle;\">\n<li><span style=\"font-family: verdana, geneva, sans-serif; font-size: 12pt;\">Tu me fais marrer Caroll. Toujours ton sens de la pr\u00e9cision. Allez, Fais voir le fond du carrosse.<\/span><\/li>\n<li><span style=\"font-family: verdana, geneva, sans-serif; font-size: 12pt;\">Regarde : fond en acier viss\u00e9. Indication de l\u2019\u00e9tanch\u00e9it\u00e9, donn\u00e9e \u00e0 10 bars. Avec \u00e7a pas possible d\u2019expliquer \u00e0 Mollie que je tu ne peux pas faire la vaisselle, hein&#8230; Et l\u00e0, t\u2019as vu ? La mention \u00ab\u00a0France\u00a0\u00bb est compl\u00e9t\u00e9e par le nom de Morteau. J\u2019ai v\u00e9rifi\u00e9 : c\u2019est l\u00e0 que sont assembl\u00e9es les montres.<\/span><\/li>\n<\/ul>\n<figure id=\"attachment_3257\" aria-describedby=\"caption-attachment-3257\" style=\"width: 940px\" class=\"wp-caption aligncenter\"><img decoding=\"async\" class=\"size-large wp-image-3257\" src=\"http:\/\/leclubyema.com\/wp-content\/uploads\/2019\/11\/YEMA-Rallygraf-Meca-quartz_Fond-1024x768.jpg\" alt=\"YEMA Rallygraf Meca-quartz_Fond\" width=\"940\" height=\"705\" srcset=\"https:\/\/leclubyema.com\/wp-content\/uploads\/2019\/11\/YEMA-Rallygraf-Meca-quartz_Fond-1024x768.jpg 1024w, https:\/\/leclubyema.com\/wp-content\/uploads\/2019\/11\/YEMA-Rallygraf-Meca-quartz_Fond-300x225.jpg 300w, https:\/\/leclubyema.com\/wp-content\/uploads\/2019\/11\/YEMA-Rallygraf-Meca-quartz_Fond-768x576.jpg 768w, https:\/\/leclubyema.com\/wp-content\/uploads\/2019\/11\/YEMA-Rallygraf-Meca-quartz_Fond-1536x1152.jpg 1536w, https:\/\/leclubyema.com\/wp-content\/uploads\/2019\/11\/YEMA-Rallygraf-Meca-quartz_Fond-450x337.jpg 450w, https:\/\/leclubyema.com\/wp-content\/uploads\/2019\/11\/YEMA-Rallygraf-Meca-quartz_Fond.jpg 1835w\" sizes=\"(max-width: 940px) 100vw, 940px\" \/><figcaption id=\"caption-attachment-3257\" class=\"wp-caption-text\">YEMA Rallygraf M\u00e9ca-quartz. Fond acier viss\u00e9 &#8211; Cr\u00e9dit :Jerry<\/figcaption><\/figure>\n<ul style=\"list-style-type: circle;\">\n<li><span style=\"font-family: verdana, geneva, sans-serif; font-size: 12pt;\">Morteau, Morteau, y font pas des saucisses aussi l\u00e0 bas ?<\/span><\/li>\n<li><span style=\"font-family: verdana, geneva, sans-serif; font-size: 12pt;\">Ahahaha ! J\u2019te reconnais bien l\u00e0, Ken. Oui, \u00e0 Morteau il y a des saucisses. C\u2019est en Franche-Comt\u00e9. C\u2019est montagneux par l\u00e0 bas. Y\u2019a plein de p\u2019tites routes sinueuses. On s\u2019\u00e9claterait bien avec une Cobra dans ce coin. \u00b4faudrait qu\u2019on y aille un jour tous ensemble, avec Mollie et le p\u2019tit.<\/span><\/li>\n<li><span style=\"font-family: verdana, geneva, sans-serif; font-size: 12pt;\">Dis donc il est chouette le blason YEMA au centre.<\/span><\/li>\n<li><span style=\"font-family: verdana, geneva, sans-serif; font-size: 12pt;\">Ah oui, j\u2019aime beaucoup, m\u00eame si le dessin en creux du Y est un peu pataud \u00e0 mon go\u00fbt, notamment aux extr\u00e9mit\u00e9s des bras et de la jambe. Tu trouves pas qu\u2019il donne l\u2019impression d\u2019\u00eatre \u00e0 l\u2019\u00e9troit dans son blason et de courber l\u2019\u00e9chine pour rester dans le cadre ?<\/span><\/li>\n<li><span style=\"font-family: verdana, geneva, sans-serif; font-size: 12pt;\">Ouais, c\u2019est vrai. Il m\u00e9riterait d\u2019\u00eatre am\u00e9lior\u00e9.<\/span><\/li>\n<\/ul>\n<p style=\"text-align: center;\"><span style=\"font-family: verdana, geneva, sans-serif; font-size: 12pt;\"><strong>Lire aussi<\/strong> : <a href=\"http:\/\/leclubyema.com\/index.php\/2018\/12\/06\/yema-superman-heritage-blue-celle-quon-attendait\/\" target=\"_blank\" rel=\"noopener noreferrer\">YEMA Superman Heritage Blue : celle qu\u2019on attendait<\/a><\/span><\/p>\n<h3><span style=\"font-family: verdana, geneva, sans-serif; font-size: 18pt; color: #003366;\"><strong>Le pare-brise<\/strong><\/span><\/h3>\n<ul style=\"list-style-type: circle;\">\n<li><span style=\"font-family: verdana, geneva, sans-serif; font-size: 12pt;\">Il est en quoi, le verre ?<\/span><\/li>\n<li><span style=\"font-family: verdana, geneva, sans-serif; font-size: 12pt;\"><span style=\"font-family: verdana, geneva, sans-serif; font-size: 12pt;\">C\u2019est un verre min\u00e9ral bomb\u00e9 trait\u00e9 anti-reflets. Plut\u00f4t bien fait. Le traitement joue bien son r\u00f4le et le cadran est tr\u00e8s lisible.<\/span><\/span>\n<p><figure id=\"attachment_3258\" aria-describedby=\"caption-attachment-3258\" style=\"width: 940px\" class=\"wp-caption aligncenter\"><img loading=\"lazy\" decoding=\"async\" class=\"size-large wp-image-3258\" src=\"http:\/\/leclubyema.com\/wp-content\/uploads\/2019\/11\/YEMA-Rallygraf-Meca-quartz_Verre-miberal-bomb\u00e9-1024x768.jpg\" alt=\"YEMA Rallygraf M\u00e9ca-quartz. Verre min\u00e9ral bomb\u00e9\" width=\"940\" height=\"705\" srcset=\"https:\/\/leclubyema.com\/wp-content\/uploads\/2019\/11\/YEMA-Rallygraf-Meca-quartz_Verre-miberal-bomb\u00e9-1024x768.jpg 1024w, https:\/\/leclubyema.com\/wp-content\/uploads\/2019\/11\/YEMA-Rallygraf-Meca-quartz_Verre-miberal-bomb\u00e9-300x225.jpg 300w, https:\/\/leclubyema.com\/wp-content\/uploads\/2019\/11\/YEMA-Rallygraf-Meca-quartz_Verre-miberal-bomb\u00e9-768x576.jpg 768w, https:\/\/leclubyema.com\/wp-content\/uploads\/2019\/11\/YEMA-Rallygraf-Meca-quartz_Verre-miberal-bomb\u00e9-1536x1152.jpg 1536w, https:\/\/leclubyema.com\/wp-content\/uploads\/2019\/11\/YEMA-Rallygraf-Meca-quartz_Verre-miberal-bomb\u00e9-2048x1536.jpg 2048w, https:\/\/leclubyema.com\/wp-content\/uploads\/2019\/11\/YEMA-Rallygraf-Meca-quartz_Verre-miberal-bomb\u00e9-450x337.jpg 450w\" sizes=\"(max-width: 940px) 100vw, 940px\" \/><figcaption id=\"caption-attachment-3258\" class=\"wp-caption-text\">YEMA Rallygraf M\u00e9ca-quartz. Verre min\u00e9ral bomb\u00e9. Cr\u00e9dit : Jerry<\/figcaption><\/figure><\/li>\n<li><span style=\"font-family: verdana, geneva, sans-serif; font-size: 12pt;\"><span style=\"font-family: verdana, geneva, sans-serif; font-size: 12pt;\">Ah j\u2019aurais p\u2019tet\u2019 mis un verre plexi, moi. \u00c7a a des supers reflets, \u00e7a r\u00e9siste bien aux chocs et c\u2019est tr\u00e8s facile \u00e0 repolir pour effacer les rayures qui ne manqueront pas d\u2019appara\u00eetre avec le temps. Tu peux faire \u00e7a toi-m\u00eame facilement alors qu\u2019avec un min\u00e9ral, t\u2019es bon pour le changer !<\/span><\/span><\/li>\n<li><span style=\"font-family: verdana, geneva, sans-serif; font-size: 12pt;\">C\u2019est pas faux.<\/span><\/li>\n<\/ul>\n<h3><span style=\"font-family: verdana, geneva, sans-serif; font-size: 18pt; color: #003366;\"><strong>Le tableau de bord<\/strong><\/span><\/h3>\n<ul style=\"list-style-type: circle;\">\n<li><span style=\"font-family: verdana, geneva, sans-serif; font-size: 12pt;\">Et pour la couleur, y z\u2019avaient pas des cadrans fonc\u00e9s, plut\u00f4t que blanc ?<\/span><\/li>\n<li><span style=\"font-family: verdana, geneva, sans-serif; font-size: 12pt;\">Si si. Il y a plusieurs couleurs. En fait j\u2019ai h\u00e9sit\u00e9 au moment de choisir. Cadran sombre ou cadran blanc ? Le cadran blanc me faisait craindre une sensation grande surface un peu vide. Mais c\u2019est quand m\u00eame celui que j\u2019ai choisi. En fait j\u2019ai \u00e9t\u00e9 intrigu\u00e9 par le fond et la texture des sous compteurs de la version \u00ab\u00a0Brown Panda\u00a0\u00bb.<\/span><\/li>\n<li><span style=\"font-family: verdana, geneva, sans-serif; font-size: 12pt;\"> Et alors ?<\/span><\/li>\n<li><span style=\"font-family: verdana, geneva, sans-serif; font-size: 12pt;\"> Ben regarde. Le blanc tire sur le cr\u00e8me, \u00e7a se patinera bien je pense. Et \u00e7a se marie vraiment bien avec le marron des sous compteurs.<\/span><\/li>\n<li><span style=\"font-family: verdana, geneva, sans-serif; font-size: 12pt;\"><span style=\"font-family: verdana, geneva, sans-serif; font-size: 12pt;\"> T\u2019as raison. J\u2019aime bien la typo calligraphi\u00e9e du \u00ab\u00a0Rallygraf\u00a0\u00bb et les p\u2019tits drapeaux \u00e0 damier !<\/span><\/span>\n<p><figure id=\"attachment_3259\" aria-describedby=\"caption-attachment-3259\" style=\"width: 940px\" class=\"wp-caption aligncenter\"><img loading=\"lazy\" decoding=\"async\" class=\"size-large wp-image-3259\" src=\"http:\/\/leclubyema.com\/wp-content\/uploads\/2019\/11\/YEMA-Rallygraf-Meca-quartz_Police-calligraphi\u00e9e-1024x768.jpg\" alt=\"YEMA Rallygraf M\u00e9ca-quartz. Drapeaux \u00e0 damier\" width=\"940\" height=\"705\" srcset=\"https:\/\/leclubyema.com\/wp-content\/uploads\/2019\/11\/YEMA-Rallygraf-Meca-quartz_Police-calligraphi\u00e9e-1024x768.jpg 1024w, https:\/\/leclubyema.com\/wp-content\/uploads\/2019\/11\/YEMA-Rallygraf-Meca-quartz_Police-calligraphi\u00e9e-300x225.jpg 300w, https:\/\/leclubyema.com\/wp-content\/uploads\/2019\/11\/YEMA-Rallygraf-Meca-quartz_Police-calligraphi\u00e9e-768x576.jpg 768w, https:\/\/leclubyema.com\/wp-content\/uploads\/2019\/11\/YEMA-Rallygraf-Meca-quartz_Police-calligraphi\u00e9e-1536x1152.jpg 1536w, https:\/\/leclubyema.com\/wp-content\/uploads\/2019\/11\/YEMA-Rallygraf-Meca-quartz_Police-calligraphi\u00e9e-2048x1536.jpg 2048w, https:\/\/leclubyema.com\/wp-content\/uploads\/2019\/11\/YEMA-Rallygraf-Meca-quartz_Police-calligraphi\u00e9e-450x338.jpg 450w\" sizes=\"(max-width: 940px) 100vw, 940px\" \/><figcaption id=\"caption-attachment-3259\" class=\"wp-caption-text\">YEMA Rallygraf M\u00e9ca-quartz. Typo callygraphi\u00e9e et drapeaux \u00e0 damier. Cr\u00e9dit : Jerry<\/figcaption><\/figure><\/li>\n<li><span style=\"font-family: verdana, geneva, sans-serif; font-size: 12pt;\">Moi aussi, carr\u00e9ment ! Les p\u2019tits drapeaux \u00e7a sent vraiment la course.<\/span><\/li>\n<li><span style=\"font-family: verdana, geneva, sans-serif; font-size: 12pt;\"> C\u2019est vrai \u00e7a. En revanche je trouve que les hampes ne sont pas tout \u00e0 fait assez inclin\u00e9es. Et comme le dessin des drapeaux est peu ondul\u00e9, y\u2019a une pt\u2019ite impression de raideur, tu trouves pas ?<\/span><\/li>\n<li><span style=\"font-family: verdana, geneva, sans-serif; font-size: 12pt;\"> T\u2019es vraiment qu\u2019un gros pinailleur, Ken !<\/span><\/li>\n<li><span style=\"font-family: verdana, geneva, sans-serif; font-size: 12pt;\"> Ahahaha !<\/span><\/li>\n<\/ul>\n<h3><span style=\"font-family: verdana, geneva, sans-serif; font-size: 18pt; color: #003366;\"><strong>Les aiguilles principales heures et minutes <\/strong><\/span><\/h3>\n<ul style=\"list-style-type: circle;\">\n<li><span style=\"font-family: verdana, geneva, sans-serif; font-size: 12pt;\"> Arr\u00eate de rigoler b\u00eatement. Elle est top cette montre. Tiens regarde les aiguilles. Forme b\u00e2ton, structure en acier poli plut\u00f4t \u00e9paisse&#8230; elles se d\u00e9tachent nettement du cadran et sont tr\u00e8s lisibles. <\/span><\/li>\n<li><span style=\"font-family: verdana, geneva, sans-serif; font-size: 12pt;\"> Ouais, c\u2019est vrai. On aurait pu craindre le contraire en blanc sur blanc. <\/span><\/li>\n<li><span style=\"font-family: verdana, geneva, sans-serif; font-size: 12pt;\"><span style=\"font-family: verdana, geneva, sans-serif; font-size: 12pt;\"><span style=\"font-family: verdana, geneva, sans-serif; font-size: 12pt;\"><span style=\"font-family: verdana, geneva, sans-serif; font-size: 12pt;\"> Et pis t\u2019as vu la pointe rouge de l\u2019aiguille du chrono ? Elle tranche bien sur le cadran. Du coup elle pointe bien sur l\u2019\u00e9chelle de la lunette tachym\u00e9trique. Avec \u00e7a, mon vieux, j\u2019vais mesurer ton temps au tour nickel ! Si tu foires, j\u2019le verrais tout suite.<\/span><\/span><\/span><\/span>\n<p><figure id=\"attachment_3260\" aria-describedby=\"caption-attachment-3260\" style=\"width: 940px\" class=\"wp-caption aligncenter\"><img loading=\"lazy\" decoding=\"async\" class=\"size-large wp-image-3260\" src=\"http:\/\/leclubyema.com\/wp-content\/uploads\/2019\/11\/YEMA-Rallygraf-Meca-quartz_Aiguille-tachymetrique-bout-rouge-1024x768.jpg\" alt=\"Chrono YEMA m\u00e9ta-quartz. Aiguille du tachym\u00e8tre\" width=\"940\" height=\"705\" srcset=\"https:\/\/leclubyema.com\/wp-content\/uploads\/2019\/11\/YEMA-Rallygraf-Meca-quartz_Aiguille-tachymetrique-bout-rouge-1024x768.jpg 1024w, https:\/\/leclubyema.com\/wp-content\/uploads\/2019\/11\/YEMA-Rallygraf-Meca-quartz_Aiguille-tachymetrique-bout-rouge-300x225.jpg 300w, https:\/\/leclubyema.com\/wp-content\/uploads\/2019\/11\/YEMA-Rallygraf-Meca-quartz_Aiguille-tachymetrique-bout-rouge-768x576.jpg 768w, https:\/\/leclubyema.com\/wp-content\/uploads\/2019\/11\/YEMA-Rallygraf-Meca-quartz_Aiguille-tachymetrique-bout-rouge-1536x1152.jpg 1536w, https:\/\/leclubyema.com\/wp-content\/uploads\/2019\/11\/YEMA-Rallygraf-Meca-quartz_Aiguille-tachymetrique-bout-rouge-2048x1536.jpg 2048w, https:\/\/leclubyema.com\/wp-content\/uploads\/2019\/11\/YEMA-Rallygraf-Meca-quartz_Aiguille-tachymetrique-bout-rouge-450x338.jpg 450w\" sizes=\"(max-width: 940px) 100vw, 940px\" \/><figcaption id=\"caption-attachment-3260\" class=\"wp-caption-text\">YEMA Rallygraf Meca-quartz_L&rsquo;extr\u00e9mit\u00e9 rouge de l&rsquo;aiguille tachym\u00e9trique. cr\u00e9dit: Jerry<\/figcaption><\/figure><\/li>\n<li><span style=\"font-family: verdana, geneva, sans-serif; font-size: 12pt;\"> Dis, oh, tu veux prendre le volant \u00e0 ma place ?!<\/span><\/li>\n<li><span style=\"font-family: verdana, geneva, sans-serif; font-size: 12pt;\"> T\u2019\u00e9nerves pas ! Qu\u2019est-ce que t\u2019es susceptible comme mec. J\u2019m\u2019y ferais jamais. Attends. J\u2019vais t\u2019faire rigoler.<\/span><\/li>\n<li><span style=\"font-family: verdana, geneva, sans-serif; font-size: 12pt;\"> T\u2019as int\u00e9r\u00eat&#8230;<\/span><\/li>\n<li><span style=\"font-family: verdana, geneva, sans-serif; font-size: 12pt;\"> Ben quand j\u2019ai re\u00e7u la montre, la lunette&#8230; elle \u00e9tait ray\u00e9e. Donc je d\u00e9croche direct le t\u00e9l\u00e9phone et j\u2019appelle leur SAV !<\/span><\/li>\n<li><span style=\"font-family: verdana, geneva, sans-serif; font-size: medium;\">Normal&#8230;<\/span><\/li>\n<li><span style=\"font-family: verdana, geneva, sans-serif; font-size: 12pt;\"> J\u2019explique que je suis pas content, tout \u00e7a&#8230;<\/span><\/li>\n<li><span style=\"font-family: verdana, geneva, sans-serif; font-size: medium;\">Ouais&#8230;<\/span><\/li>\n<li><span style=\"font-family: verdana, geneva, sans-serif; font-size: 12pt;\"> Et tu sais c\u2019qu\u2019elle me dit la p\u2019tite dame ?<\/span><\/li>\n<li><span style=\"font-family: verdana, geneva, sans-serif; font-size: 12pt;\"> Ben non, dis !<\/span><\/li>\n<li><span style=\"font-family: verdana, geneva, sans-serif; font-size: 12pt;\"> Vous avez pens\u00e9 \u00e0 enlever le film de protection ?<\/span><\/li>\n<li><span style=\"font-family: verdana, geneva, sans-serif; font-size: 12pt;\"> S\u00e9rieux ? Mouaaaarf ! \u00c9norme ! Le mec ridicule&#8230;<\/span><\/li>\n<li><span style=\"font-family: verdana, geneva, sans-serif; font-size: 12pt;\"> Oui, bon&#8230; ben \u00e7a va&#8230;<\/span><\/li>\n<\/ul>\n<h3><span style=\"font-family: verdana, geneva, sans-serif; font-size: 18pt; color: #003366;\"><strong>La lisibilit\u00e9 nocturne<\/strong><\/span><\/h3>\n<ul style=\"list-style-type: circle;\">\n<li><span style=\"font-family: verdana, geneva, sans-serif; font-size: 12pt;\"> Et la nuit, \u00e7a donne quoi ?<\/span><\/li>\n<li><span style=\"font-family: verdana, geneva, sans-serif; font-size: 12pt;\"> \u00c9coute j\u2019ai test\u00e9 \u00e0 la lampe \u00e0 ultraviolet&#8230;<\/span><\/li>\n<li><span style=\"font-family: verdana, geneva, sans-serif; font-size: 12pt;\"> Et ?<\/span><\/li>\n<li><span style=\"font-family: verdana, geneva, sans-serif; font-size: 12pt;\"> Ben c\u2019est nickel. Belle couleur verte, bien visible&#8230; Comme \u00e0 Vegas.<\/span><\/li>\n<\/ul>\n<figure id=\"attachment_3261\" aria-describedby=\"caption-attachment-3261\" style=\"width: 940px\" class=\"wp-caption aligncenter\"><img loading=\"lazy\" decoding=\"async\" class=\"size-large wp-image-3261\" src=\"http:\/\/leclubyema.com\/wp-content\/uploads\/2019\/11\/YEMA-Rallygraf-Meca-quartz_Index-Super-luminova-1024x768.jpg\" alt=\"YEMA Rallygraf Meca-quartz_Aiguille et index au Luminova\" width=\"940\" height=\"705\" srcset=\"https:\/\/leclubyema.com\/wp-content\/uploads\/2019\/11\/YEMA-Rallygraf-Meca-quartz_Index-Super-luminova-1024x768.jpg 1024w, https:\/\/leclubyema.com\/wp-content\/uploads\/2019\/11\/YEMA-Rallygraf-Meca-quartz_Index-Super-luminova-300x225.jpg 300w, https:\/\/leclubyema.com\/wp-content\/uploads\/2019\/11\/YEMA-Rallygraf-Meca-quartz_Index-Super-luminova-768x576.jpg 768w, https:\/\/leclubyema.com\/wp-content\/uploads\/2019\/11\/YEMA-Rallygraf-Meca-quartz_Index-Super-luminova-1536x1152.jpg 1536w, https:\/\/leclubyema.com\/wp-content\/uploads\/2019\/11\/YEMA-Rallygraf-Meca-quartz_Index-Super-luminova-2048x1536.jpg 2048w, https:\/\/leclubyema.com\/wp-content\/uploads\/2019\/11\/YEMA-Rallygraf-Meca-quartz_Index-Super-luminova-450x338.jpg 450w\" sizes=\"(max-width: 940px) 100vw, 940px\" \/><figcaption id=\"caption-attachment-3261\" class=\"wp-caption-text\">YEMA Rallygraf Meca-quartz_Aiguilles et index lumineux. Cr\u00e9dit : Jerry<\/figcaption><\/figure>\n<h3><span style=\"font-family: verdana, geneva, sans-serif; font-size: 18pt; color: #003366;\"><strong>Les 2 sous compteurs<\/strong><\/span><\/h3>\n<ul style=\"list-style-type: circle;\">\n<li><span style=\"font-family: verdana, geneva, sans-serif; font-size: 12pt;\"> &#8230; mais ce qui fait quand m\u00eame le charme de ce chrono, c\u2019est quand m\u00eame les deux sous compteurs. <\/span><\/li>\n<li><span style=\"font-family: verdana, geneva, sans-serif; font-size: 12pt;\"> \u00c7a c\u2019est vrai. \u00c7a ressemble pas mal \u00e0 des compteurs de bagnole. Fais voir \u00e7a de plus pr\u00e8s ? <\/span><\/li>\n<li><span style=\"font-family: verdana, geneva, sans-serif; font-size: 12pt;\"><span style=\"font-family: verdana, geneva, sans-serif; font-size: 12pt;\"><span style=\"font-family: verdana, geneva, sans-serif; font-size: 12pt;\"> Sur ma version \u00ab\u00a0Brown panda\u00a0\u00bb, non seulement ils sont en creux par rapport \u00e0 la plaque principale du cadran, comme sur tous les autres mod\u00e8les de la collection, mais en plus ils ont des stries verticales, en creux, qui rajoutent un effet de mati\u00e8re vraiment cool.<\/span><\/span><\/span>\n<p><figure id=\"attachment_3262\" aria-describedby=\"caption-attachment-3262\" style=\"width: 940px\" class=\"wp-caption aligncenter\"><img loading=\"lazy\" decoding=\"async\" class=\"size-large wp-image-3262\" src=\"http:\/\/leclubyema.com\/wp-content\/uploads\/2019\/11\/YEMA-Rallygraf-Meca-quartz_Sous-compteurs-1024x768.jpg\" alt=\"YEMA Rallygraf Meca-quartz_Sous compteurs. Cr\u00e9dit : Jerry\" width=\"940\" height=\"705\" srcset=\"https:\/\/leclubyema.com\/wp-content\/uploads\/2019\/11\/YEMA-Rallygraf-Meca-quartz_Sous-compteurs-1024x768.jpg 1024w, https:\/\/leclubyema.com\/wp-content\/uploads\/2019\/11\/YEMA-Rallygraf-Meca-quartz_Sous-compteurs-300x225.jpg 300w, https:\/\/leclubyema.com\/wp-content\/uploads\/2019\/11\/YEMA-Rallygraf-Meca-quartz_Sous-compteurs-768x576.jpg 768w, https:\/\/leclubyema.com\/wp-content\/uploads\/2019\/11\/YEMA-Rallygraf-Meca-quartz_Sous-compteurs-1536x1152.jpg 1536w, https:\/\/leclubyema.com\/wp-content\/uploads\/2019\/11\/YEMA-Rallygraf-Meca-quartz_Sous-compteurs-2048x1536.jpg 2048w, https:\/\/leclubyema.com\/wp-content\/uploads\/2019\/11\/YEMA-Rallygraf-Meca-quartz_Sous-compteurs-450x338.jpg 450w\" sizes=\"(max-width: 940px) 100vw, 940px\" \/><figcaption id=\"caption-attachment-3262\" class=\"wp-caption-text\">YEMA Rallygraf Meca-quartz. Sous compteurs du mod\u00e8le \u00ab\u00a0Brown Panda\u00a0\u00bb. Cr\u00e9dit : Jerry<\/figcaption><\/figure><\/li>\n<li><span style=\"font-family: verdana, geneva, sans-serif; font-size: 12pt;\"> Et c\u2019est quoi les fonctions ?<\/span><\/li>\n<li><span style=\"font-family: verdana, geneva, sans-serif; font-size: 12pt;\"> Ben \u00e0 gauche t\u2019as le le compte-tours : la petite aiguille fl\u00e9ch\u00e9e avance d\u2019une graduation \u00e0 chaque fois que la grande aiguille tachym\u00e9trique boucle un tour de cadran.<\/span><\/li>\n<li><span style=\"font-family: verdana, geneva, sans-serif; font-size: 12pt;\"> Ouais, je vois&#8230;<\/span><\/li>\n<li><span style=\"font-family: verdana, geneva, sans-serif; font-size: 12pt;\"> et \u00e0 droite t\u2019as le le compte-heures..<\/span><\/li>\n<li><span style=\"font-family: verdana, geneva, sans-serif; font-size: 12pt;\"> Le quoi ?!<\/span><\/li>\n<li><span style=\"font-family: verdana, geneva, sans-serif; font-size: 12pt;\"><span style=\"font-family: verdana, geneva, sans-serif; font-size: 12pt;\"> Ahahahaha t\u2019as vu ? Jeux de mots facile. Mais n\u2019emp\u00eache qu\u2019il compte bien les heures&#8230;. Sur une \u00e9chelle de 24:00. La petite aiguille b\u00e2ton est ind\u00e9pendante du chrono et fait le tour complet en 24 heures. \u00c7a te permet par exemple de savoir s&rsquo;il est 11h00 du matin ou 11h00 du soir.<\/span><\/span><\/li>\n<li><span style=\"font-family: verdana, geneva, sans-serif; font-size: 12pt;\"><span style=\"font-family: verdana, geneva, sans-serif; font-size: 12pt;\"><span style=\"font-family: verdana, geneva, sans-serif; font-size: 12pt;\"> A 6:00, c\u2019est la date ?<\/span><\/span><\/span>\n<p><figure id=\"attachment_3267\" aria-describedby=\"caption-attachment-3267\" style=\"width: 940px\" class=\"wp-caption aligncenter\"><img loading=\"lazy\" decoding=\"async\" class=\"size-large wp-image-3267\" src=\"http:\/\/leclubyema.com\/wp-content\/uploads\/2019\/11\/YEMA-Rallygraf-Meca-quartz_Guichet-1024x768.jpg\" alt=\"YEMA Rallygraf Meca-quartz_Guichet Date\" width=\"940\" height=\"705\" srcset=\"https:\/\/leclubyema.com\/wp-content\/uploads\/2019\/11\/YEMA-Rallygraf-Meca-quartz_Guichet-1024x768.jpg 1024w, https:\/\/leclubyema.com\/wp-content\/uploads\/2019\/11\/YEMA-Rallygraf-Meca-quartz_Guichet-300x225.jpg 300w, https:\/\/leclubyema.com\/wp-content\/uploads\/2019\/11\/YEMA-Rallygraf-Meca-quartz_Guichet-768x576.jpg 768w, https:\/\/leclubyema.com\/wp-content\/uploads\/2019\/11\/YEMA-Rallygraf-Meca-quartz_Guichet-1536x1152.jpg 1536w, https:\/\/leclubyema.com\/wp-content\/uploads\/2019\/11\/YEMA-Rallygraf-Meca-quartz_Guichet-2048x1536.jpg 2048w, https:\/\/leclubyema.com\/wp-content\/uploads\/2019\/11\/YEMA-Rallygraf-Meca-quartz_Guichet-450x338.jpg 450w\" sizes=\"(max-width: 940px) 100vw, 940px\" \/><figcaption id=\"caption-attachment-3267\" class=\"wp-caption-text\">YEMA Rallygraf Meca-quartz. Guichet Date d\u00e9coup\u00e9. Cr\u00e9dit : Jerry<\/figcaption><\/figure><\/li>\n<li><span style=\"font-family: verdana, geneva, sans-serif; font-size: 12pt;\"> Le guichet est une simple d\u00e9coupe dans la plaque du cadran. Peut-\u00eatre qu\u2019un liser\u00e9 p\u00e9riph\u00e9rique aurait \u00e9t\u00e9 sympa. <\/span><\/li>\n<li><span style=\"font-family: verdana, geneva, sans-serif; font-size: 12pt;\"> Peut \u00eatre&#8230; Mais pas certain. C\u2019est vraiment une question de go\u00fbt.<\/span><\/li>\n<\/ul>\n<h3><span style=\"font-family: verdana, geneva, sans-serif; font-size: 18pt; color: #003366;\"><strong>Les commandes<\/strong><\/span><\/h3>\n<ul style=\"list-style-type: circle;\">\n<li><span style=\"font-family: verdana, geneva, sans-serif; font-size: 12pt;\"> Ouais, C\u2019est vrai. <\/span><\/li>\n<li><span style=\"font-family: verdana, geneva, sans-serif; font-size: 12pt;\"> Bon et sinon les commandes du chrono, \u00e7a donne quoi ?<\/span><\/li>\n<li><span style=\"font-family: verdana, geneva, sans-serif; font-size: 12pt;\"> Ah ben \u00e9coute l\u00e0 y\u2019a vraiment rien \u00e0 dire. C\u2019est du bon boulot. Les poussoirs sont fermes, comme j\u2019aime. La pression \u00e9met un petit \u00ab\u00a0cloc\u00a0\u00bb sourd et agr\u00e9able. Le lancement du chrono comme la remise \u00e0 z\u00e9ro sont tr\u00e8s francs. La sensation li\u00e9e \u00e0 la r\u00e9sistance de la came qui change de position ou marteau est bien l\u00e0.<\/span><\/li>\n<li><span style=\"font-family: verdana, geneva, sans-serif; font-size: 12pt;\"><span style=\"font-family: verdana, geneva, sans-serif; font-size: 12pt;\"><span style=\"font-family: verdana, geneva, sans-serif; font-size: 12pt;\"> Parfait, \u00e7a !<\/span><\/span><\/span>\n<p><figure id=\"attachment_3263\" aria-describedby=\"caption-attachment-3263\" style=\"width: 940px\" class=\"wp-caption aligncenter\"><img loading=\"lazy\" decoding=\"async\" class=\"size-large wp-image-3263\" src=\"http:\/\/leclubyema.com\/wp-content\/uploads\/2019\/11\/YEMA-Rallygraf-Meca-quartz_Couronne-1024x768.jpg\" alt=\"YEMA Rallygraf Meca-quartz. Couronne sigl\u00e9e YEMA et poussoirs\" width=\"940\" height=\"705\" srcset=\"https:\/\/leclubyema.com\/wp-content\/uploads\/2019\/11\/YEMA-Rallygraf-Meca-quartz_Couronne-1024x768.jpg 1024w, https:\/\/leclubyema.com\/wp-content\/uploads\/2019\/11\/YEMA-Rallygraf-Meca-quartz_Couronne-300x225.jpg 300w, https:\/\/leclubyema.com\/wp-content\/uploads\/2019\/11\/YEMA-Rallygraf-Meca-quartz_Couronne-768x576.jpg 768w, https:\/\/leclubyema.com\/wp-content\/uploads\/2019\/11\/YEMA-Rallygraf-Meca-quartz_Couronne-1536x1152.jpg 1536w, https:\/\/leclubyema.com\/wp-content\/uploads\/2019\/11\/YEMA-Rallygraf-Meca-quartz_Couronne-2048x1536.jpg 2048w, https:\/\/leclubyema.com\/wp-content\/uploads\/2019\/11\/YEMA-Rallygraf-Meca-quartz_Couronne-450x338.jpg 450w\" sizes=\"(max-width: 940px) 100vw, 940px\" \/><figcaption id=\"caption-attachment-3263\" class=\"wp-caption-text\">YEMA Rallygraf Meca-quartz. Couronne sigl\u00e9e. Cr\u00e9dit : Jerry<\/figcaption><\/figure><\/li>\n<li><span style=\"font-family: verdana, geneva, sans-serif; font-size: 12pt;\"> Ouais c\u2019est impec. Le p\u2019tit d\u00e9tail sympa c\u2019est le logo Yema sur la couronne. Il est en relief. Avant ils faisaient \u00e7a en creux. En relief j\u2019trouve \u00e7a vraiment plus classe.<\/span><\/li>\n<\/ul>\n<h3><span style=\"font-family: verdana, geneva, sans-serif; font-size: 18pt; color: #003366;\"><strong>Sous le capot : le mouvement m\u00e9ca-quartz<\/strong><\/span><\/h3>\n<ul style=\"list-style-type: circle;\">\n<li><span style=\"font-family: verdana, geneva, sans-serif; font-size: 12pt;\"> Tout \u00e7a c\u2019est bien, Caroll, mais tu m\u2019as toujours pas parl\u00e9 de ce qu\u2019il y a sous le capot. C\u2019est quoi le mouvement ?<\/span><\/li>\n<li><span style=\"font-family: verdana, geneva, sans-serif; font-size: 12pt;\"> Ah ben t\u2019en as mis du temps avant d\u2019me poser la question ! C\u2019est un Seiko m\u00e9ca-quartz Hybride VK64.<\/span><\/li>\n<li><span style=\"font-family: verdana, geneva, sans-serif; font-size: 12pt;\"> Un quoi\u00a0?!<\/span><\/li>\n<li><span style=\"font-family: verdana, geneva, sans-serif; font-size: 12pt;\"> Bah \u00e7a m\u2019\u00e9tonne pas que tu ne connaisses pas. Ce truc ne sortira que dans une quinzaine d\u2019ann\u00e9e. Mais c\u2019est l\u2019avantage d\u2019\u00eatre dans un dialogue de fiction. On peut s\u2019affranchir des contraintes chronologiques.<\/span><\/li>\n<li><span style=\"font-family: verdana, geneva, sans-serif; font-size: 12pt;\"> C\u2019est bien tir\u00e9 par les cheveux ton truc. Tu me fais pas \u00e7a sur le proto de la GT40, hein. Sinon je m\u2019assoie plus dedans\u00a0!<\/span><\/li>\n<li><span style=\"font-family: verdana, geneva, sans-serif; font-size: 12pt;\"> OK,OK\u2026 Bon \u00e9coute plut\u00f4t au lieu de r\u00e2ler comme d\u2018habitude. C\u2019est quand m\u00eame vachement int\u00e9ressant. \u2026 Alors\u2026 Dans le principe, le mouvement m\u00e9ca-quartz est un mouvement qui utilise l\u2019\u00e9nergie et la pr\u00e9cision du quartz pour animer la montre et la faire avancer. Donc ni ressort de barillet pour l\u2019\u00e9nergie, ni \u00e9chappement pour la division du temps, mais un quartz qui vibre \u00e0 haute fr\u00e9quence et un moteur pas \u00e0 pas pour la division du temps. C\u2019est lui qui donne \u00e0 la montre \u00e0 quartz le mouvement saccad\u00e9 trotteuse que nous connaissons bien et\u2026<\/span><\/li>\n<li><span style=\"font-family: verdana, geneva, sans-serif; font-size: 12pt;\"> Ouais, Bon. c\u2019est un truc \u00e0 pile, quoi. Tu me passes une clef de 12 s\u2019te plait\u00a0? Ya un truc qui me chiffonne, l\u00e0<\/span><\/li>\n<li><span style=\"font-family: verdana, geneva, sans-serif; font-size: 12pt;\"> Attends ! C\u2019est l\u00e0 qu\u2019intervient la seconde composante du mouvement qui lui donne sa dimension \u00ab\u00a0M\u00e9ca\u00a0\u00bb. En fait, y\u2019a un second module, totalement m\u00e9canique, qui est associ\u00e9 au mouvement. C\u2019est lui qui g\u00e8re le d\u00e9clenchement, l\u2019arr\u00eat, la remise \u00e0 z\u00e9ro, et l\u2019avanc\u00e9e de l\u2019aiguille tachym\u00e9trique du chronographe au traditionnel 1\/5 de seconde.<\/span><\/li>\n<li><span style=\"font-family: verdana, geneva, sans-serif; font-size: 12pt;\"> Tu m\u2019int\u00e9resses. Continue\u2026<\/span><\/li>\n<li><span style=\"font-family: verdana, geneva, sans-serif; font-size: 12pt;\"> Le mouvement est d\u00e9clin\u00e9 par Hattori en SII VK63, VK67, VK83, avec ou sans date et deux ou trois sous compteur. La version avec deux sous compteur seulement, comme c\u2019est le cas pour le chrono YEMA Rallygraf, ne pr\u00e9sente pas de trotteuse pour les secondes en mode de fonctionnement normal. La pr\u00e9sence du quartz est donc totalement insoup\u00e7onnable. Le subterfuge est parfait ! Si on avait un truc comme \u00e7a pour la Ford, on leur en mettrait plein la vue. T\u2019imagines\u00a0? Une GT \u00e9lectrom\u00e9canique\u00a0!!!<\/span><\/li>\n<li><span style=\"font-family: verdana, geneva, sans-serif; font-size: 12pt;\"> Hey calme-toi, Caroll. C\u2019est mauvais pour ton c\u0153ur\u2026 Je te rappelle que c\u2019est la fiction ton truc. Si d\u00e9j\u00e0 on parvenait \u00e0 all\u00e9ger la caisse d\u2019une cinquantaine de kilos et \u00e0 fiabiliser les freins, ce serait pas mal\u2026<\/span><\/li>\n<li><span style=\"font-family: verdana, geneva, sans-serif; font-size: 12pt;\"> Oui ben justement M\u00f4ssieur qu\u2019est jamais content\u00a0: le mouvement m\u00e9ca-quartz pr\u00e9sente encore deux int\u00e9r\u00eats majeurs : il est moins \u00e9pais qu\u2019un mouvement de chronographe m\u00e9canique classique.<\/span><\/li>\n<li><span style=\"font-family: verdana, geneva, sans-serif; font-size: 12pt;\"> Ah ben tu vois quand tu veux\u00a0!<\/span><\/li>\n<li><span style=\"font-family: verdana, geneva, sans-serif; font-size: 12pt;\"> Et il est aussi beaucoup moins cher.<\/span><\/li>\n<li><span style=\"font-family: verdana, geneva, sans-serif; font-size: 12pt;\"> Peut-\u00eatre, mais c\u2019est un truc japonais\u2026<\/span><\/li>\n<li><span style=\"font-family: verdana, geneva, sans-serif; font-size: 12pt;\"> T\u2019es vraiment une t\u00eate de mule. D\u2019abord, Seiko c\u2019est super fiable. Ensuite, je me suis renseign\u00e9\u00a0: des marques horlog\u00e8res aussi illustres que Jaeger-Lecoultre, IWC, Breitling ou encore Daniel Roth ont non seulement \u00e9quip\u00e9 certain de leurs chronos de ce type de mouvement, mais que certaines auraient m\u00eame \u00e9t\u00e9 pr\u00e9curseurs dans sa conception dans les ann\u00e9es 80. Mais Seiko le produit \u00e0 grande \u00e9chelle.<\/span><\/li>\n<li><span style=\"font-family: verdana, geneva, sans-serif; font-size: 12pt;\"> Bon, bon, bon\u2026 J\u2019ai rien dit\u2026<\/span><\/li>\n<\/ul>\n<p style=\"text-align: center;\"><span style=\"font-family: verdana, geneva, sans-serif; font-size: 12pt;\"><strong>Voir<\/strong> la <a href=\"https:\/\/www.timemodule.com\/upload\/PDF\/VK64_TG_E.pdf\" target=\"_blank\" rel=\"noopener noreferrer\">notice technique du calibre Seiko VK64<\/a><\/span><\/p>\n<figure id=\"attachment_3285\" aria-describedby=\"caption-attachment-3285\" style=\"width: 300px\" class=\"wp-caption aligncenter\"><img loading=\"lazy\" decoding=\"async\" class=\"size-medium wp-image-3285\" src=\"http:\/\/leclubyema.com\/wp-content\/uploads\/2019\/11\/Cal-Hattori-Seiko-VK64_Specs-300x217.jpg\" alt=\"Cal Hattori Seiko VK64_Specs\" width=\"300\" height=\"217\" srcset=\"https:\/\/leclubyema.com\/wp-content\/uploads\/2019\/11\/Cal-Hattori-Seiko-VK64_Specs-300x217.jpg 300w, https:\/\/leclubyema.com\/wp-content\/uploads\/2019\/11\/Cal-Hattori-Seiko-VK64_Specs-1024x741.jpg 1024w, https:\/\/leclubyema.com\/wp-content\/uploads\/2019\/11\/Cal-Hattori-Seiko-VK64_Specs-768x556.jpg 768w, https:\/\/leclubyema.com\/wp-content\/uploads\/2019\/11\/Cal-Hattori-Seiko-VK64_Specs-450x326.jpg 450w, https:\/\/leclubyema.com\/wp-content\/uploads\/2019\/11\/Cal-Hattori-Seiko-VK64_Specs.jpg 1266w\" sizes=\"(max-width: 300px) 100vw, 300px\" \/><figcaption id=\"caption-attachment-3285\" class=\"wp-caption-text\">Cal Hattori Seiko VK64_Specs techniques et huilage<\/figcaption><\/figure>\n<p style=\"text-align: center;\"><span style=\"font-family: verdana, geneva, sans-serif; font-size: 12pt;\"><strong>Lire aussi : <\/strong><\/span><em><span style=\"font-family: verdana, geneva, sans-serif; font-size: 12pt;\"><a href=\"https:\/\/gearpatrol.com\/2019\/05\/01\/buying-guide-watches-combine-mechanical-craftsmanship-quartz-affordability\/\" target=\"_blank\" rel=\"noopener noreferrer\">Meca-quartz chronographs<\/a>\u00a0<\/span><\/em><span style=\"font-family: verdana, geneva, sans-serif; font-size: 12pt;\">Et <\/span><a href=\"https:\/\/wornandwound.com\/chronography-8-meca-quartz-really-poor-relation\/\" target=\"_blank\" rel=\"noopener noreferrer\"><em><span style=\"font-family: verdana, geneva, sans-serif; font-size: 12pt;\">Meca-quartz. Is it really the poor relation ?<\/span><\/em><\/a><\/p>\n<ul style=\"list-style-type: circle;\">\n<li><span style=\"font-family: verdana, geneva, sans-serif; font-size: 12pt;\">T\u2019as int\u00e9r\u00eat. Et pour ta culture, je te rappelle que la collaboration entre la marque YEMA et le groupe Hattori Seiko a commenc\u00e9 il y a bien longtemps dans les ann\u00e9es 80 lorsque MATRA Horlogerie s\u2019est associ\u00e9 avec le g\u00e9ant japonais pour la fourniture des mouvements \u00e0 quartz de ses montres.<\/span><\/li>\n<li><span style=\"font-family: verdana, geneva, sans-serif; font-size: 12pt;\"> MATRA\u2026 comme le constructeur automobile\u00a0?<\/span><\/li>\n<li><span style=\"font-family: verdana, geneva, sans-serif; font-size: 12pt;\"> Oui M\u2019sieur. Y z\u2019ont aussi donn\u00e9 dans l\u2019horlogerie. Ceux-l\u00e0 faut les surveiller d\u2019ailleurs. Ils sont bien capables de gagner au Mans un de ce jour\u2026 Si \u00e7a t\u2019int\u00e9resse, le Club Yema a sorti un article pas mal sur l\u2019histoire de MATRA Horlogerie<\/span><\/li>\n<\/ul>\n<p style=\"text-align: center;\"><span style=\"font-family: verdana, geneva, sans-serif; font-size: 12pt;\"><strong>Lire aussi<\/strong>:<a href=\"http:\/\/leclubyema.com\/index.php\/2018\/09\/27\/yema-un-homme-une-marque-partie-ii\/\" target=\"_blank\" rel=\"noopener noreferrer\">YEMA, un homme une marque. (Partie III)<\/a><\/span><\/p>\n<h3><span style=\"font-family: verdana, geneva, sans-serif; font-size: 18pt; color: #003366;\"><strong>Le bracelet <\/strong><\/span><\/h3>\n<ul style=\"list-style-type: circle;\">\n<li><span style=\"font-family: verdana, geneva, sans-serif; font-size: 12pt;\"> J\u2019vois qu\u2019tas choisi un bracelet en acier\u2026 \u00c7a lui va bien\u2026<\/span><\/li>\n<li><span style=\"font-family: verdana, geneva, sans-serif; font-size: 12pt;\"> Oui, t\u2019as vu\u2026 C\u2019est de la maille milanaise, propos\u00e9 par la marque. C\u2019est la premi\u00e8re fois que j\u2019en passe un au poignet. J\u2019avais un peu peur de l\u2019effet \u00e9pilateur, mais en fait non. Il est plut\u00f4t agr\u00e9able. Le blocage du r\u00e9glage en longueur tient bien. La boucle en acier bross\u00e9 est marqu\u00e9e du logo Yema en creux, dans un petit cercle.<\/span><\/li>\n<li><span style=\"font-family: verdana, geneva, sans-serif; font-size: 12pt;\"><span style=\"font-family: verdana, geneva, sans-serif; font-size: 12pt;\"><span style=\"font-family: verdana, geneva, sans-serif; font-size: 12pt;\"> Fais voir\u00a0? Ah ouais. C\u2019est tr\u00e8s cool.<\/span><\/span><\/span>\n<p><figure id=\"attachment_3265\" aria-describedby=\"caption-attachment-3265\" style=\"width: 940px\" class=\"wp-caption aligncenter\"><img loading=\"lazy\" decoding=\"async\" class=\"size-large wp-image-3265\" src=\"http:\/\/leclubyema.com\/wp-content\/uploads\/2019\/11\/YEMA-Rallygraf-Meca-quartz_Boucle-sigl\u00e9e-1024x768.jpg\" alt=\"YEMA Rallygraf Meca-quartz. Boucle sigl\u00e9e.\" width=\"940\" height=\"705\" srcset=\"https:\/\/leclubyema.com\/wp-content\/uploads\/2019\/11\/YEMA-Rallygraf-Meca-quartz_Boucle-sigl\u00e9e-1024x768.jpg 1024w, https:\/\/leclubyema.com\/wp-content\/uploads\/2019\/11\/YEMA-Rallygraf-Meca-quartz_Boucle-sigl\u00e9e-300x225.jpg 300w, https:\/\/leclubyema.com\/wp-content\/uploads\/2019\/11\/YEMA-Rallygraf-Meca-quartz_Boucle-sigl\u00e9e-768x576.jpg 768w, https:\/\/leclubyema.com\/wp-content\/uploads\/2019\/11\/YEMA-Rallygraf-Meca-quartz_Boucle-sigl\u00e9e-1536x1152.jpg 1536w, https:\/\/leclubyema.com\/wp-content\/uploads\/2019\/11\/YEMA-Rallygraf-Meca-quartz_Boucle-sigl\u00e9e-2048x1536.jpg 2048w, https:\/\/leclubyema.com\/wp-content\/uploads\/2019\/11\/YEMA-Rallygraf-Meca-quartz_Boucle-sigl\u00e9e-450x338.jpg 450w\" sizes=\"(max-width: 940px) 100vw, 940px\" \/><figcaption id=\"caption-attachment-3265\" class=\"wp-caption-text\">YEMA Rallygraf Meca-quartz. Boucle sigl\u00e9e. Cr\u00e9dit : Jerry<\/figcaption><\/figure><\/li>\n<li><span style=\"font-family: verdana, geneva, sans-serif; font-size: 12pt;\"> En revanche il faut \u00eatre prudent quand t\u2019attaches la montre. Le bracelet s\u2019\u00e9chappe vite en raison du poids de l\u2019acier et y a pas la s\u00e9curit\u00e9 \u00ab\u00a0antichute\u00a0\u00bb qu\u2019apporte une boucle d\u00e9ployante. J\u2019ai failli faire tomber la montre dans la cuve d\u2019huile de vidange hier.<\/span><\/li>\n<li><span style=\"font-family: verdana, geneva, sans-serif; font-size: 12pt;\"> Ahahahaha\u00a0! \u00e7a t\u2019aurait fait les pieds\u2026<\/span><\/li>\n<li><span style=\"font-family: verdana, geneva, sans-serif; font-size: 12pt;\"> Je compl\u00e9terai sans doute la panoplie avec un bracelet cuir \u00ab\u00a0fa\u00e7on rallye\u00a0\u00bb, d\u2019autant plus facile \u00e0 trouver que YEMA a adopt\u00e9 pour cette montre la norme standard d\u2019une entrecornes de 20mm. <\/span><\/li>\n<li><span style=\"font-family: verdana, geneva, sans-serif; font-size: 12pt;\"> Hmmm<\/span><\/li>\n<li><span style=\"font-family: verdana, geneva, sans-serif; font-size: 12pt;\"><span style=\"font-family: verdana, geneva, sans-serif; font-size: 12pt;\"> Toi qui a les poignets fins, ya un truc qui te plairait\u00a0: le profil des cornes et la position basse du point d\u2019attache du bracelet par rapport au bo\u00eetier rendent la montre tr\u00e8s confortable \u00e0 porter.<\/span><\/span>\n<p><figure id=\"attachment_3264\" aria-describedby=\"caption-attachment-3264\" style=\"width: 940px\" class=\"wp-caption aligncenter\"><img loading=\"lazy\" decoding=\"async\" class=\"size-large wp-image-3264\" src=\"http:\/\/leclubyema.com\/wp-content\/uploads\/2019\/11\/YEMA-Rallygraf-Meca-quartz_Profil-confortable-copie-1024x768.jpg\" alt=\"YEMA Rallygraf Meca quartz Attache basse\" width=\"940\" height=\"705\" srcset=\"https:\/\/leclubyema.com\/wp-content\/uploads\/2019\/11\/YEMA-Rallygraf-Meca-quartz_Profil-confortable-copie-1024x768.jpg 1024w, https:\/\/leclubyema.com\/wp-content\/uploads\/2019\/11\/YEMA-Rallygraf-Meca-quartz_Profil-confortable-copie-300x225.jpg 300w, https:\/\/leclubyema.com\/wp-content\/uploads\/2019\/11\/YEMA-Rallygraf-Meca-quartz_Profil-confortable-copie-768x576.jpg 768w, https:\/\/leclubyema.com\/wp-content\/uploads\/2019\/11\/YEMA-Rallygraf-Meca-quartz_Profil-confortable-copie-1536x1152.jpg 1536w, https:\/\/leclubyema.com\/wp-content\/uploads\/2019\/11\/YEMA-Rallygraf-Meca-quartz_Profil-confortable-copie-2048x1536.jpg 2048w, https:\/\/leclubyema.com\/wp-content\/uploads\/2019\/11\/YEMA-Rallygraf-Meca-quartz_Profil-confortable-copie-450x338.jpg 450w\" sizes=\"(max-width: 940px) 100vw, 940px\" \/><figcaption id=\"caption-attachment-3264\" class=\"wp-caption-text\">YEMA Rallygraf Meca-quartz. La position basse des attaches du bracelet<\/figcaption><\/figure><\/li>\n<li><span style=\"font-family: verdana, geneva, sans-serif; font-size: 12pt;\"> Ben tu vois\u00a0? C\u2019est ce que je te r\u00e9p\u00e8te tout le temps. Un centre de gravit\u00e9 bas, y\u2019a que \u00e7a de vrai pour une bonne tenue de route\u2026<\/span><\/li>\n<li><span style=\"font-family: verdana, geneva, sans-serif; font-size: 12pt;\"> Bon dis\u2026<\/span><\/li>\n<li><span style=\"font-family: verdana, geneva, sans-serif; font-size: 12pt;\"> Quoi\u00a0?<\/span><\/li>\n<li><span style=\"font-family: verdana, geneva, sans-serif; font-size: 12pt;\"> \u00c7a fait une plombe qu\u2019on p\u00e9rore sur un chrono\u2026 Tu crois pas qu\u2019y serait temps qu\u2019on se remette au boulot\u00a0! Allez, Miles, secoue-toi. En piste\u00a0! Tu lui fais cracher tout ce qu\u2019elle a dans le ventre aujourd\u2019hui\u00a0!<\/span><\/li>\n<li><span style=\"font-family: verdana, geneva, sans-serif; font-size: 12pt;\"> Ahahahaha\u00a0! Tu vas voir\u00a0! je vais te la faire sortir de son axe, moi, ton aiguille de tachy\u00a0!<\/span><\/li>\n<\/ul>\n<h3><span style=\"font-family: verdana, geneva, sans-serif; font-size: 18pt; color: #003366;\"><strong>Conclusion<\/strong><\/span><\/h3>\n<p><span style=\"font-family: verdana, geneva, sans-serif; font-size: 12pt;\">La collection Rallygraf Panda m\u00e9ca-quartz, compl\u00e8te tr\u00e8s bien la gamme des chronos sportifs inspir\u00e9s de l\u2019univers automobile que propose YEMA, avec une montre accessible aux budgets \u00ab\u00a0modeste\u00a0\u00bb, sans rougir de la qualit\u00e9 (l&rsquo;option paiement en 4 fois propos\u00e9e sur le site de la marque le met \u00e0 ta port\u00e9e pour moins de 90\u20ac par mois).<\/span><\/p>\n<p><span style=\"font-family: verdana, geneva, sans-serif; font-size: 12pt;\">Avec les Rallygraf m\u00e9ca-quartz, la Speedgraf, la Rallygraf Heritage et enfin la Rallye Andretti, par ordre croissant de prix, la marque dispose dor\u00e9navant, dans l\u2019univers du sport automobile, d\u2019une gamme \u00e9toff\u00e9e pour tous les go\u00fbts et tous les budgets.<\/span><\/p>\n<p><strong><span style=\"font-family: verdana, geneva, sans-serif; font-size: 18pt; color: #003366;\">Tour de piste<\/span><\/strong><\/p>\n<p><span style=\"font-family: verdana, geneva, sans-serif; font-size: 12pt;\">Pour le plaisir des yeux, avec la complicit\u00e9 d&rsquo;une autre toqu\u00e9 de YEMA, encore quelques photos en miroir de deux chronos de la collection. D&rsquo;un c\u00f4t\u00e9 le \u00ab\u00a0Brown Panda\u00a0\u00bb, cadran blanc, sous compteurs sombres ; de l&rsquo;autre le \u00ab\u00a0Reverse Panda\u00a0\u00bb, cadran noir, sous compteurs clairs. Merci, Laurent B\u00e9douin !<\/span><\/p>\n<figure id=\"attachment_3277\" aria-describedby=\"caption-attachment-3277\" style=\"width: 940px\" class=\"wp-caption aligncenter\"><img loading=\"lazy\" decoding=\"async\" class=\"size-large wp-image-3277\" src=\"http:\/\/leclubyema.com\/wp-content\/uploads\/2019\/11\/YEMA-Rallygraf-Meca-quartz_duo-02-1024x768.jpg\" alt=\"YEMA Rallygraf m\u00e9ca-quartz &quot;Brown Panda&quot; et &quot;Reverse Panda&quot;. Cr\u00e9dit : Jerry\" width=\"940\" height=\"705\" srcset=\"https:\/\/leclubyema.com\/wp-content\/uploads\/2019\/11\/YEMA-Rallygraf-Meca-quartz_duo-02-1024x768.jpg 1024w, https:\/\/leclubyema.com\/wp-content\/uploads\/2019\/11\/YEMA-Rallygraf-Meca-quartz_duo-02-300x225.jpg 300w, https:\/\/leclubyema.com\/wp-content\/uploads\/2019\/11\/YEMA-Rallygraf-Meca-quartz_duo-02-768x576.jpg 768w, https:\/\/leclubyema.com\/wp-content\/uploads\/2019\/11\/YEMA-Rallygraf-Meca-quartz_duo-02-1536x1152.jpg 1536w, https:\/\/leclubyema.com\/wp-content\/uploads\/2019\/11\/YEMA-Rallygraf-Meca-quartz_duo-02-2048x1536.jpg 2048w, https:\/\/leclubyema.com\/wp-content\/uploads\/2019\/11\/YEMA-Rallygraf-Meca-quartz_duo-02-450x338.jpg 450w\" sizes=\"(max-width: 940px) 100vw, 940px\" \/><figcaption id=\"caption-attachment-3277\" class=\"wp-caption-text\">YEMA Rallygraf m\u00e9ca-quartz \u00ab\u00a0Reverse Panda\u00a0\u00bb et \u00ab\u00a0Brown Panda\u00a0\u00bb. Cr\u00e9dit : Jerry<\/figcaption><\/figure>\n<figure id=\"attachment_3278\" aria-describedby=\"caption-attachment-3278\" style=\"width: 940px\" class=\"wp-caption aligncenter\"><img loading=\"lazy\" decoding=\"async\" class=\"size-large wp-image-3278\" src=\"http:\/\/leclubyema.com\/wp-content\/uploads\/2019\/11\/YEMA-Rallygraf-M\u00e9ca-quartz-Duo_01-1024x768.jpg\" alt=\"YEMA Rallygraf M\u00e9ca-quartz Duo_01\" width=\"940\" height=\"705\" srcset=\"https:\/\/leclubyema.com\/wp-content\/uploads\/2019\/11\/YEMA-Rallygraf-M\u00e9ca-quartz-Duo_01-1024x768.jpg 1024w, https:\/\/leclubyema.com\/wp-content\/uploads\/2019\/11\/YEMA-Rallygraf-M\u00e9ca-quartz-Duo_01-300x225.jpg 300w, https:\/\/leclubyema.com\/wp-content\/uploads\/2019\/11\/YEMA-Rallygraf-M\u00e9ca-quartz-Duo_01-768x576.jpg 768w, https:\/\/leclubyema.com\/wp-content\/uploads\/2019\/11\/YEMA-Rallygraf-M\u00e9ca-quartz-Duo_01-1536x1152.jpg 1536w, https:\/\/leclubyema.com\/wp-content\/uploads\/2019\/11\/YEMA-Rallygraf-M\u00e9ca-quartz-Duo_01-2048x1536.jpg 2048w, https:\/\/leclubyema.com\/wp-content\/uploads\/2019\/11\/YEMA-Rallygraf-M\u00e9ca-quartz-Duo_01-450x338.jpg 450w\" sizes=\"(max-width: 940px) 100vw, 940px\" \/><figcaption id=\"caption-attachment-3278\" class=\"wp-caption-text\">YEMA Rallygraf m\u00e9ca-quartz \u00ab\u00a0Brown Panda\u00a0\u00bb et \u00ab\u00a0Reverse Panda\u00a0\u00bb. Cr\u00e9dit : Jerry<\/figcaption><\/figure>\n<p><span style=\"font-family: verdana, geneva, sans-serif; font-size: 12pt;\">Allez, tu m\u2019excuses, j\u2019ai une course \u00e0 gagner. Enfin\u2026 \u00c0 faire. Ma femme m\u2019a demand\u00e9 de rapporter une baguette pour le d\u00e9j\u2019. Et je peux te dire que son chrono, elle sait s\u2019en servir\u00a0!<\/span><\/p>\n<p><span style=\"font-family: verdana, geneva, sans-serif; font-size: 12pt;\">Jerry<\/span><\/p>\n","protected":false},"excerpt":{"rendered":"<p>Ce week-end, je suis all\u00e9 voir au cin\u00e9ma Le Mans 66. Gros film consacr\u00e9 \u00e0 l\u2019aventure conjointe de [&hellip;]<\/p>\n","protected":false},"author":6,"featured_media":3255,"comment_status":"open","ping_status":"open","sticky":false,"template":"","format":"standard","meta":{"_crdt_document":"","_monsterinsights_skip_tracking":false,"_monsterinsights_sitenote_active":false,"_monsterinsights_sitenote_note":"","_monsterinsights_sitenote_category":0,"two_page_speed":[],"footnotes":""},"categories":[41,184],"tags":[166,47,165,164],"class_list":["post-3266","post","type-post","status-publish","format-standard","has-post-thumbnail","hentry","category-montres-yema","category-yema-daujourdhui","tag-hattori-seiko-vk64","tag-yema","tag-yema-daujourdhui","tag-yema-rallygraf-meca-quartz"],"yoast_head":"<!-- This site is optimized with the Yoast SEO plugin v27.4 - https:\/\/yoast.com\/product\/yoast-seo-wordpress\/ -->\n<title>YEMA Rallygraf m\u00e9ca-quartz : le plaisir accessible &#8211; LE CLUB YEMA<\/title>\n<meta name=\"description\" content=\"Revue d\u00e9taill\u00e9e du Chrono YEMA Rallygraf m\u00e9ca-quartz.\" \/>\n<meta name=\"robots\" content=\"index, follow, max-snippet:-1, max-image-preview:large, max-video-preview:-1\" \/>\n<link rel=\"canonical\" href=\"https:\/\/leclubyema.com\/index.php\/2019\/11\/27\/yema-rallygraf-meca-quartz-le-plaisir-accessible\/\" \/>\n<meta property=\"og:locale\" content=\"fr_FR\" \/>\n<meta property=\"og:type\" content=\"article\" \/>\n<meta property=\"og:title\" content=\"YEMA Rallygraf m\u00e9ca-quartz : le plaisir accessible &#8211; LE CLUB YEMA\" \/>\n<meta property=\"og:description\" content=\"Revue d\u00e9taill\u00e9e du Chrono YEMA Rallygraf m\u00e9ca-quartz.\" \/>\n<meta property=\"og:url\" content=\"https:\/\/leclubyema.com\/index.php\/2019\/11\/27\/yema-rallygraf-meca-quartz-le-plaisir-accessible\/\" \/>\n<meta property=\"og:site_name\" content=\"LE CLUB YEMA\" \/>\n<meta property=\"article:publisher\" content=\"https:\/\/www.facebook.com\/groups\/287686301762220\" \/>\n<meta property=\"article:published_time\" content=\"2019-11-27T18:21:32+00:00\" \/>\n<meta property=\"article:modified_time\" content=\"2020-05-20T22:33:13+00:00\" \/>\n<meta property=\"og:image\" content=\"https:\/\/i1.wp.com\/leclubyema.com\/wp-content\/uploads\/2019\/11\/YEMA-Rallygraf-Meca-quartz_Image-principale-scaled.jpg?fit=2560%2C1920&ssl=1\" \/>\n\t<meta property=\"og:image:width\" content=\"2560\" \/>\n\t<meta property=\"og:image:height\" content=\"1920\" \/>\n\t<meta property=\"og:image:type\" content=\"image\/jpeg\" \/>\n<meta name=\"author\" content=\"Jerry\" \/>\n<meta name=\"twitter:card\" content=\"summary_large_image\" \/>\n<meta name=\"twitter:label1\" content=\"\u00c9crit par\" \/>\n\t<meta name=\"twitter:data1\" content=\"Jerry\" \/>\n\t<meta name=\"twitter:label2\" content=\"Dur\u00e9e de lecture estim\u00e9e\" \/>\n\t<meta name=\"twitter:data2\" content=\"14 minutes\" \/>\n<script type=\"application\/ld+json\" class=\"yoast-schema-graph\">{\"@context\":\"https:\\\/\\\/schema.org\",\"@graph\":[{\"@type\":\"Article\",\"@id\":\"https:\\\/\\\/leclubyema.com\\\/index.php\\\/2019\\\/11\\\/27\\\/yema-rallygraf-meca-quartz-le-plaisir-accessible\\\/#article\",\"isPartOf\":{\"@id\":\"https:\\\/\\\/leclubyema.com\\\/index.php\\\/2019\\\/11\\\/27\\\/yema-rallygraf-meca-quartz-le-plaisir-accessible\\\/\"},\"author\":{\"name\":\"Jerry\",\"@id\":\"https:\\\/\\\/leclubyema.com\\\/#\\\/schema\\\/person\\\/706435ecf96a228384b84321558c0fcb\"},\"headline\":\"YEMA Rallygraf m\u00e9ca-quartz : le plaisir accessible\",\"datePublished\":\"2019-11-27T18:21:32+00:00\",\"dateModified\":\"2020-05-20T22:33:13+00:00\",\"mainEntityOfPage\":{\"@id\":\"https:\\\/\\\/leclubyema.com\\\/index.php\\\/2019\\\/11\\\/27\\\/yema-rallygraf-meca-quartz-le-plaisir-accessible\\\/\"},\"wordCount\":2817,\"commentCount\":7,\"publisher\":{\"@id\":\"https:\\\/\\\/leclubyema.com\\\/#organization\"},\"image\":{\"@id\":\"https:\\\/\\\/leclubyema.com\\\/index.php\\\/2019\\\/11\\\/27\\\/yema-rallygraf-meca-quartz-le-plaisir-accessible\\\/#primaryimage\"},\"thumbnailUrl\":\"https:\\\/\\\/leclubyema.com\\\/wp-content\\\/uploads\\\/2019\\\/11\\\/YEMA-Rallygraf-Meca-quartz_Image-principale-scaled.jpg\",\"keywords\":[\"Hattori Seiko VK64\",\"Yema\",\"YEMA d'aujourd'hui\",\"Yema rallygraf m\u00e9ca-quartz\"],\"articleSection\":[\"Montres YEMA\",\"YEMA d'aujourd'hui\"],\"inLanguage\":\"fr-FR\",\"potentialAction\":[{\"@type\":\"CommentAction\",\"name\":\"Comment\",\"target\":[\"https:\\\/\\\/leclubyema.com\\\/index.php\\\/2019\\\/11\\\/27\\\/yema-rallygraf-meca-quartz-le-plaisir-accessible\\\/#respond\"]}]},{\"@type\":\"WebPage\",\"@id\":\"https:\\\/\\\/leclubyema.com\\\/index.php\\\/2019\\\/11\\\/27\\\/yema-rallygraf-meca-quartz-le-plaisir-accessible\\\/\",\"url\":\"https:\\\/\\\/leclubyema.com\\\/index.php\\\/2019\\\/11\\\/27\\\/yema-rallygraf-meca-quartz-le-plaisir-accessible\\\/\",\"name\":\"YEMA Rallygraf m\u00e9ca-quartz : le plaisir accessible &#8211; LE CLUB YEMA\",\"isPartOf\":{\"@id\":\"https:\\\/\\\/leclubyema.com\\\/#website\"},\"primaryImageOfPage\":{\"@id\":\"https:\\\/\\\/leclubyema.com\\\/index.php\\\/2019\\\/11\\\/27\\\/yema-rallygraf-meca-quartz-le-plaisir-accessible\\\/#primaryimage\"},\"image\":{\"@id\":\"https:\\\/\\\/leclubyema.com\\\/index.php\\\/2019\\\/11\\\/27\\\/yema-rallygraf-meca-quartz-le-plaisir-accessible\\\/#primaryimage\"},\"thumbnailUrl\":\"https:\\\/\\\/leclubyema.com\\\/wp-content\\\/uploads\\\/2019\\\/11\\\/YEMA-Rallygraf-Meca-quartz_Image-principale-scaled.jpg\",\"datePublished\":\"2019-11-27T18:21:32+00:00\",\"dateModified\":\"2020-05-20T22:33:13+00:00\",\"description\":\"Revue d\u00e9taill\u00e9e du Chrono YEMA Rallygraf m\u00e9ca-quartz.\",\"breadcrumb\":{\"@id\":\"https:\\\/\\\/leclubyema.com\\\/index.php\\\/2019\\\/11\\\/27\\\/yema-rallygraf-meca-quartz-le-plaisir-accessible\\\/#breadcrumb\"},\"inLanguage\":\"fr-FR\",\"potentialAction\":[{\"@type\":\"ReadAction\",\"target\":[\"https:\\\/\\\/leclubyema.com\\\/index.php\\\/2019\\\/11\\\/27\\\/yema-rallygraf-meca-quartz-le-plaisir-accessible\\\/\"]}]},{\"@type\":\"ImageObject\",\"inLanguage\":\"fr-FR\",\"@id\":\"https:\\\/\\\/leclubyema.com\\\/index.php\\\/2019\\\/11\\\/27\\\/yema-rallygraf-meca-quartz-le-plaisir-accessible\\\/#primaryimage\",\"url\":\"https:\\\/\\\/leclubyema.com\\\/wp-content\\\/uploads\\\/2019\\\/11\\\/YEMA-Rallygraf-Meca-quartz_Image-principale-scaled.jpg\",\"contentUrl\":\"https:\\\/\\\/leclubyema.com\\\/wp-content\\\/uploads\\\/2019\\\/11\\\/YEMA-Rallygraf-Meca-quartz_Image-principale-scaled.jpg\",\"width\":2560,\"height\":1920,\"caption\":\"YEMA Rallygraf Meca-quartz. Cr\u00e9dit :Jerry\"},{\"@type\":\"BreadcrumbList\",\"@id\":\"https:\\\/\\\/leclubyema.com\\\/index.php\\\/2019\\\/11\\\/27\\\/yema-rallygraf-meca-quartz-le-plaisir-accessible\\\/#breadcrumb\",\"itemListElement\":[{\"@type\":\"ListItem\",\"position\":1,\"name\":\"Accueil\",\"item\":\"https:\\\/\\\/leclubyema.com\\\/\"},{\"@type\":\"ListItem\",\"position\":2,\"name\":\"YEMA Rallygraf m\u00e9ca-quartz : le plaisir accessible\"}]},{\"@type\":\"WebSite\",\"@id\":\"https:\\\/\\\/leclubyema.com\\\/#website\",\"url\":\"https:\\\/\\\/leclubyema.com\\\/\",\"name\":\"LE CLUB YEMA\",\"description\":\"L&#039;univers des montres Yema d&#039;antan et d&#039;aujourd&#039;hui\",\"publisher\":{\"@id\":\"https:\\\/\\\/leclubyema.com\\\/#organization\"},\"potentialAction\":[{\"@type\":\"SearchAction\",\"target\":{\"@type\":\"EntryPoint\",\"urlTemplate\":\"https:\\\/\\\/leclubyema.com\\\/?s={search_term_string}\"},\"query-input\":{\"@type\":\"PropertyValueSpecification\",\"valueRequired\":true,\"valueName\":\"search_term_string\"}}],\"inLanguage\":\"fr-FR\"},{\"@type\":\"Organization\",\"@id\":\"https:\\\/\\\/leclubyema.com\\\/#organization\",\"name\":\"Le Club Yema\",\"url\":\"https:\\\/\\\/leclubyema.com\\\/\",\"logo\":{\"@type\":\"ImageObject\",\"inLanguage\":\"fr-FR\",\"@id\":\"https:\\\/\\\/leclubyema.com\\\/#\\\/schema\\\/logo\\\/image\\\/\",\"url\":\"https:\\\/\\\/i0.wp.com\\\/leclubyema.com\\\/wp-content\\\/uploads\\\/2018\\\/05\\\/Logo_ClubYema_OK.jpg?fit=1547%2C636&ssl=1\",\"contentUrl\":\"https:\\\/\\\/i0.wp.com\\\/leclubyema.com\\\/wp-content\\\/uploads\\\/2018\\\/05\\\/Logo_ClubYema_OK.jpg?fit=1547%2C636&ssl=1\",\"width\":1547,\"height\":636,\"caption\":\"Le Club Yema\"},\"image\":{\"@id\":\"https:\\\/\\\/leclubyema.com\\\/#\\\/schema\\\/logo\\\/image\\\/\"},\"sameAs\":[\"https:\\\/\\\/www.facebook.com\\\/groups\\\/287686301762220\",\"https:\\\/\\\/www.instagram.com\\\/leclubyema\\\/\"]},{\"@type\":\"Person\",\"@id\":\"https:\\\/\\\/leclubyema.com\\\/#\\\/schema\\\/person\\\/706435ecf96a228384b84321558c0fcb\",\"name\":\"Jerry\",\"image\":{\"@type\":\"ImageObject\",\"inLanguage\":\"fr-FR\",\"@id\":\"https:\\\/\\\/secure.gravatar.com\\\/avatar\\\/65423aa801b0c759236358be6b10a20b203faaf454e231160c6a5fdad010b5a1?s=96&d=mm&r=g\",\"url\":\"https:\\\/\\\/secure.gravatar.com\\\/avatar\\\/65423aa801b0c759236358be6b10a20b203faaf454e231160c6a5fdad010b5a1?s=96&d=mm&r=g\",\"contentUrl\":\"https:\\\/\\\/secure.gravatar.com\\\/avatar\\\/65423aa801b0c759236358be6b10a20b203faaf454e231160c6a5fdad010b5a1?s=96&d=mm&r=g\",\"caption\":\"Jerry\"},\"description\":\"Gros b\u00e9b\u00e9 n\u00e9 en 1963\",\"url\":\"https:\\\/\\\/leclubyema.com\\\/index.php\\\/author\\\/jerry\\\/\"}]}<\/script>\n<!-- \/ Yoast SEO plugin. -->","yoast_head_json":{"title":"YEMA Rallygraf m\u00e9ca-quartz : le plaisir accessible &#8211; LE CLUB YEMA","description":"Revue d\u00e9taill\u00e9e du Chrono YEMA Rallygraf m\u00e9ca-quartz.","robots":{"index":"index","follow":"follow","max-snippet":"max-snippet:-1","max-image-preview":"max-image-preview:large","max-video-preview":"max-video-preview:-1"},"canonical":"https:\/\/leclubyema.com\/index.php\/2019\/11\/27\/yema-rallygraf-meca-quartz-le-plaisir-accessible\/","og_locale":"fr_FR","og_type":"article","og_title":"YEMA Rallygraf m\u00e9ca-quartz : le plaisir accessible &#8211; LE CLUB YEMA","og_description":"Revue d\u00e9taill\u00e9e du Chrono YEMA Rallygraf m\u00e9ca-quartz.","og_url":"https:\/\/leclubyema.com\/index.php\/2019\/11\/27\/yema-rallygraf-meca-quartz-le-plaisir-accessible\/","og_site_name":"LE CLUB YEMA","article_publisher":"https:\/\/www.facebook.com\/groups\/287686301762220","article_published_time":"2019-11-27T18:21:32+00:00","article_modified_time":"2020-05-20T22:33:13+00:00","og_image":[{"width":2560,"height":1920,"url":"https:\/\/i1.wp.com\/leclubyema.com\/wp-content\/uploads\/2019\/11\/YEMA-Rallygraf-Meca-quartz_Image-principale-scaled.jpg?fit=2560%2C1920&ssl=1","type":"image\/jpeg"}],"author":"Jerry","twitter_card":"summary_large_image","twitter_misc":{"\u00c9crit par":"Jerry","Dur\u00e9e de lecture estim\u00e9e":"14 minutes"},"schema":{"@context":"https:\/\/schema.org","@graph":[{"@type":"Article","@id":"https:\/\/leclubyema.com\/index.php\/2019\/11\/27\/yema-rallygraf-meca-quartz-le-plaisir-accessible\/#article","isPartOf":{"@id":"https:\/\/leclubyema.com\/index.php\/2019\/11\/27\/yema-rallygraf-meca-quartz-le-plaisir-accessible\/"},"author":{"name":"Jerry","@id":"https:\/\/leclubyema.com\/#\/schema\/person\/706435ecf96a228384b84321558c0fcb"},"headline":"YEMA Rallygraf m\u00e9ca-quartz : le plaisir accessible","datePublished":"2019-11-27T18:21:32+00:00","dateModified":"2020-05-20T22:33:13+00:00","mainEntityOfPage":{"@id":"https:\/\/leclubyema.com\/index.php\/2019\/11\/27\/yema-rallygraf-meca-quartz-le-plaisir-accessible\/"},"wordCount":2817,"commentCount":7,"publisher":{"@id":"https:\/\/leclubyema.com\/#organization"},"image":{"@id":"https:\/\/leclubyema.com\/index.php\/2019\/11\/27\/yema-rallygraf-meca-quartz-le-plaisir-accessible\/#primaryimage"},"thumbnailUrl":"https:\/\/leclubyema.com\/wp-content\/uploads\/2019\/11\/YEMA-Rallygraf-Meca-quartz_Image-principale-scaled.jpg","keywords":["Hattori Seiko VK64","Yema","YEMA d'aujourd'hui","Yema rallygraf m\u00e9ca-quartz"],"articleSection":["Montres YEMA","YEMA d'aujourd'hui"],"inLanguage":"fr-FR","potentialAction":[{"@type":"CommentAction","name":"Comment","target":["https:\/\/leclubyema.com\/index.php\/2019\/11\/27\/yema-rallygraf-meca-quartz-le-plaisir-accessible\/#respond"]}]},{"@type":"WebPage","@id":"https:\/\/leclubyema.com\/index.php\/2019\/11\/27\/yema-rallygraf-meca-quartz-le-plaisir-accessible\/","url":"https:\/\/leclubyema.com\/index.php\/2019\/11\/27\/yema-rallygraf-meca-quartz-le-plaisir-accessible\/","name":"YEMA Rallygraf m\u00e9ca-quartz : le plaisir accessible &#8211; LE CLUB YEMA","isPartOf":{"@id":"https:\/\/leclubyema.com\/#website"},"primaryImageOfPage":{"@id":"https:\/\/leclubyema.com\/index.php\/2019\/11\/27\/yema-rallygraf-meca-quartz-le-plaisir-accessible\/#primaryimage"},"image":{"@id":"https:\/\/leclubyema.com\/index.php\/2019\/11\/27\/yema-rallygraf-meca-quartz-le-plaisir-accessible\/#primaryimage"},"thumbnailUrl":"https:\/\/leclubyema.com\/wp-content\/uploads\/2019\/11\/YEMA-Rallygraf-Meca-quartz_Image-principale-scaled.jpg","datePublished":"2019-11-27T18:21:32+00:00","dateModified":"2020-05-20T22:33:13+00:00","description":"Revue d\u00e9taill\u00e9e du Chrono YEMA Rallygraf m\u00e9ca-quartz.","breadcrumb":{"@id":"https:\/\/leclubyema.com\/index.php\/2019\/11\/27\/yema-rallygraf-meca-quartz-le-plaisir-accessible\/#breadcrumb"},"inLanguage":"fr-FR","potentialAction":[{"@type":"ReadAction","target":["https:\/\/leclubyema.com\/index.php\/2019\/11\/27\/yema-rallygraf-meca-quartz-le-plaisir-accessible\/"]}]},{"@type":"ImageObject","inLanguage":"fr-FR","@id":"https:\/\/leclubyema.com\/index.php\/2019\/11\/27\/yema-rallygraf-meca-quartz-le-plaisir-accessible\/#primaryimage","url":"https:\/\/leclubyema.com\/wp-content\/uploads\/2019\/11\/YEMA-Rallygraf-Meca-quartz_Image-principale-scaled.jpg","contentUrl":"https:\/\/leclubyema.com\/wp-content\/uploads\/2019\/11\/YEMA-Rallygraf-Meca-quartz_Image-principale-scaled.jpg","width":2560,"height":1920,"caption":"YEMA Rallygraf Meca-quartz. Cr\u00e9dit :Jerry"},{"@type":"BreadcrumbList","@id":"https:\/\/leclubyema.com\/index.php\/2019\/11\/27\/yema-rallygraf-meca-quartz-le-plaisir-accessible\/#breadcrumb","itemListElement":[{"@type":"ListItem","position":1,"name":"Accueil","item":"https:\/\/leclubyema.com\/"},{"@type":"ListItem","position":2,"name":"YEMA Rallygraf m\u00e9ca-quartz : le plaisir accessible"}]},{"@type":"WebSite","@id":"https:\/\/leclubyema.com\/#website","url":"https:\/\/leclubyema.com\/","name":"LE CLUB YEMA","description":"L&#039;univers des montres Yema d&#039;antan et d&#039;aujourd&#039;hui","publisher":{"@id":"https:\/\/leclubyema.com\/#organization"},"potentialAction":[{"@type":"SearchAction","target":{"@type":"EntryPoint","urlTemplate":"https:\/\/leclubyema.com\/?s={search_term_string}"},"query-input":{"@type":"PropertyValueSpecification","valueRequired":true,"valueName":"search_term_string"}}],"inLanguage":"fr-FR"},{"@type":"Organization","@id":"https:\/\/leclubyema.com\/#organization","name":"Le Club Yema","url":"https:\/\/leclubyema.com\/","logo":{"@type":"ImageObject","inLanguage":"fr-FR","@id":"https:\/\/leclubyema.com\/#\/schema\/logo\/image\/","url":"https:\/\/i0.wp.com\/leclubyema.com\/wp-content\/uploads\/2018\/05\/Logo_ClubYema_OK.jpg?fit=1547%2C636&ssl=1","contentUrl":"https:\/\/i0.wp.com\/leclubyema.com\/wp-content\/uploads\/2018\/05\/Logo_ClubYema_OK.jpg?fit=1547%2C636&ssl=1","width":1547,"height":636,"caption":"Le Club Yema"},"image":{"@id":"https:\/\/leclubyema.com\/#\/schema\/logo\/image\/"},"sameAs":["https:\/\/www.facebook.com\/groups\/287686301762220","https:\/\/www.instagram.com\/leclubyema\/"]},{"@type":"Person","@id":"https:\/\/leclubyema.com\/#\/schema\/person\/706435ecf96a228384b84321558c0fcb","name":"Jerry","image":{"@type":"ImageObject","inLanguage":"fr-FR","@id":"https:\/\/secure.gravatar.com\/avatar\/65423aa801b0c759236358be6b10a20b203faaf454e231160c6a5fdad010b5a1?s=96&d=mm&r=g","url":"https:\/\/secure.gravatar.com\/avatar\/65423aa801b0c759236358be6b10a20b203faaf454e231160c6a5fdad010b5a1?s=96&d=mm&r=g","contentUrl":"https:\/\/secure.gravatar.com\/avatar\/65423aa801b0c759236358be6b10a20b203faaf454e231160c6a5fdad010b5a1?s=96&d=mm&r=g","caption":"Jerry"},"description":"Gros b\u00e9b\u00e9 n\u00e9 en 1963","url":"https:\/\/leclubyema.com\/index.php\/author\/jerry\/"}]}},"_links":{"self":[{"href":"https:\/\/leclubyema.com\/index.php\/wp-json\/wp\/v2\/posts\/3266","targetHints":{"allow":["GET"]}}],"collection":[{"href":"https:\/\/leclubyema.com\/index.php\/wp-json\/wp\/v2\/posts"}],"about":[{"href":"https:\/\/leclubyema.com\/index.php\/wp-json\/wp\/v2\/types\/post"}],"author":[{"embeddable":true,"href":"https:\/\/leclubyema.com\/index.php\/wp-json\/wp\/v2\/users\/6"}],"replies":[{"embeddable":true,"href":"https:\/\/leclubyema.com\/index.php\/wp-json\/wp\/v2\/comments?post=3266"}],"version-history":[{"count":14,"href":"https:\/\/leclubyema.com\/index.php\/wp-json\/wp\/v2\/posts\/3266\/revisions"}],"predecessor-version":[{"id":3614,"href":"https:\/\/leclubyema.com\/index.php\/wp-json\/wp\/v2\/posts\/3266\/revisions\/3614"}],"wp:featuredmedia":[{"embeddable":true,"href":"https:\/\/leclubyema.com\/index.php\/wp-json\/wp\/v2\/media\/3255"}],"wp:attachment":[{"href":"https:\/\/leclubyema.com\/index.php\/wp-json\/wp\/v2\/media?parent=3266"}],"wp:term":[{"taxonomy":"category","embeddable":true,"href":"https:\/\/leclubyema.com\/index.php\/wp-json\/wp\/v2\/categories?post=3266"},{"taxonomy":"post_tag","embeddable":true,"href":"https:\/\/leclubyema.com\/index.php\/wp-json\/wp\/v2\/tags?post=3266"}],"curies":[{"name":"wp","href":"https:\/\/api.w.org\/{rel}","templated":true}]}}