{"id":3169,"date":"2019-10-31T19:09:05","date_gmt":"2019-10-31T18:09:05","guid":{"rendered":"http:\/\/leclubyema.com\/?p=3169"},"modified":"2020-05-19T20:26:33","modified_gmt":"2020-05-19T18:26:33","slug":"entretien-avec-jean-muller-directeur-du-design-yema-1975-1982-5","status":"publish","type":"post","link":"https:\/\/leclubyema.com\/index.php\/2019\/10\/31\/entretien-avec-jean-muller-directeur-du-design-yema-1975-1982-5\/","title":{"rendered":"Entretien avec Jean M\u00dcLLER, directeur du design YEMA (1975-1982) [#5]"},"content":{"rendered":"<p><span style=\"font-size: 10pt; font-family: verdana, geneva, sans-serif;\">par RC, allias <em>JERRY<\/em> &#8211; <\/span><\/p>\n<p><span style=\"font-family: verdana, geneva, sans-serif; font-size: 12pt;\">Avec patience et beaucoup de spontan\u00e9it\u00e9, Jean M\u00dcLLER poursuit avec nous le partage de ses souvenirs de directeur du design YEMA, de 1974 jusqu&rsquo;\u00e0 la cr\u00e9ation de Matra Horlogerie en 1982, qui ouvrira une nouvelle page de l&rsquo;histoire de cette belle marque fran\u00e7aise.<\/span><\/p>\n<p><span style=\"font-family: verdana, geneva, sans-serif; font-size: 10pt;\">Si vous avez manqu\u00e9 le d\u00e9but, les quatre publications pr\u00e9c\u00e9dentes de l&rsquo;entretien avec Jean M\u00fcller se trouvent ici <a href=\"http:\/\/leclubyema.com\/index.php\/2019\/10\/02\/entretien-avec-jean-muller-directeur-du-design-yema-1\/\" target=\"_blank\" rel=\"noopener noreferrer\">[#1]<\/a> <a href=\"http:\/\/leclubyema.com\/index.php\/2019\/10\/09\/entretien-avec-jean-muller-directeur-du-design-yema-2\/?fbclid=IwAR32a6qLD-9pCvfC8D3Jms6wEOzDm5HsROzuRz9J7kqtl_CnAaAhyUSkyuk\" target=\"_blank\" rel=\"noopener noreferrer\">[#2]<\/a> <a href=\"http:\/\/leclubyema.com\/index.php\/2019\/10\/18\/entretien-avec-jean-muller-directeur-du-design-yema-3\/\" target=\"_blank\" rel=\"noopener noreferrer\">[#3] <\/a><\/span><a href=\"http:\/\/leclubyema.com\/index.php\/2019\/10\/25\/entretien-avec-jean-muller-directeur-du-design-yema-4\/\" target=\"_blank\" rel=\"noopener noreferrer\"><span style=\"font-family: verdana, geneva, sans-serif; font-size: 10pt;\">[#4]<\/span><\/a><\/p>\n<figure id=\"attachment_2932\" aria-describedby=\"caption-attachment-2932\" style=\"width: 225px\" class=\"wp-caption aligncenter\"><img fetchpriority=\"high\" decoding=\"async\" class=\"size-medium wp-image-2932\" src=\"http:\/\/leclubyema.com\/wp-content\/uploads\/2019\/09\/Jean-MULLER_Directeur-du-design-YEMA-de-1974-a-1982-225x300.jpg\" alt=\"Jean MULLER_Directeur du design YEMA de 1974 a 1982\" width=\"225\" height=\"300\" srcset=\"https:\/\/leclubyema.com\/wp-content\/uploads\/2019\/09\/Jean-MULLER_Directeur-du-design-YEMA-de-1974-a-1982-225x300.jpg 225w, https:\/\/leclubyema.com\/wp-content\/uploads\/2019\/09\/Jean-MULLER_Directeur-du-design-YEMA-de-1974-a-1982.jpg 768w, https:\/\/leclubyema.com\/wp-content\/uploads\/2019\/09\/Jean-MULLER_Directeur-du-design-YEMA-de-1974-a-1982-450x600.jpg 450w\" sizes=\"(max-width: 225px) 100vw, 225px\" \/><figcaption id=\"caption-attachment-2932\" class=\"wp-caption-text\"><span style=\"font-family: verdana, geneva, sans-serif; font-size: 12pt;\">Jean M\u00dcLLER. Directeur du design YEMA de 1974 \u00e0 1982<\/span><\/figcaption><\/figure>\n<p><span style=\"color: #666699; font-size: 14pt;\"><strong><span style=\"font-family: verdana, geneva, sans-serif;\">Echange du 28 ao\u00fbt au 2 septembre 2019 (suite)<\/span><\/strong><\/span><\/p>\n<p><span style=\"font-family: verdana, geneva, sans-serif; font-size: 12pt;\"><strong>Poursuivons maintenant notre tour d\u2019horizon avec la YEMA Superman, star des montres de plong\u00e9e de la marque. Mais \u00e9tait-elle d\u00e9j\u00e0 la \u00ab\u00a0locomotive\u00a0incontournable \u00bb de la collection YEMA quand vous avez int\u00e9gr\u00e9 l\u2019entreprise\u00a0?\u00a0<\/strong><\/span><\/p>\n<p><span style=\"font-family: verdana, geneva, sans-serif; font-size: 12pt;\">Oui, la Superman \u00e9tait le mod\u00e8le phare de Yema fin 1974 quand j&rsquo;ai int\u00e9gr\u00e9 mon poste de \u00ab\u00a0styliste\u00a0\u00bb<\/span><\/p>\n<p><span style=\"font-family: verdana, geneva, sans-serif; font-size: 12pt;\"><strong>Cette montre a \u00e9t\u00e9 d\u00e9clin\u00e9e dans de nombreuses versions et cadrans au gr\u00e9 des collections. Impossible de les passer toutes en revue. Je voudrais cependant vous faire r\u00e9agir sur quelques mod\u00e8les atypiques\u00a0<\/strong><\/span><\/p>\n<p><em><strong><span style=\"font-family: verdana, geneva, sans-serif; font-size: 12pt;\">1. Le cadran \u00ab\u00a0\u00e0 bande\u00a0\u00bb.<\/span><\/strong><\/em><br \/>\n<img decoding=\"async\" class=\"aligncenter size-full wp-image-99\" src=\"http:\/\/leclubyema.com\/wp-content\/uploads\/2018\/02\/26.jpg\" alt=\"Yema Superman_Cadran \u00e0 bande\" width=\"464\" height=\"425\" srcset=\"https:\/\/leclubyema.com\/wp-content\/uploads\/2018\/02\/26.jpg 464w, https:\/\/leclubyema.com\/wp-content\/uploads\/2018\/02\/26-300x275.jpg 300w\" sizes=\"(max-width: 464px) 100vw, 464px\" \/><br \/>\n<span style=\"font-family: verdana, geneva, sans-serif; font-size: 12pt;\"><strong>Outre des indexes un peu diff\u00e9rents, le cadran bleu de cette montre est surtout travers\u00e9 d\u2019une large bande horizontale. Elle a servi pour un comparatif de montres de plong\u00e9e dans le magazine Oc\u00e9ans N\u00b035 de Novembre 1975. Peu de temps apr\u00e8s votre arriv\u00e9e chez YEMA, \u00e9tait-ce pour vous une fa\u00e7on d\u2019affirmer votre style et de vous diff\u00e9rencier de Daniel Jacquinot qui a sans doute dessin\u00e9 les premi\u00e8res versions\u00a0?<\/strong><\/span><\/p>\n<p><span style=\"font-family: verdana, geneva, sans-serif; font-size: 12pt;\">Je ne crois pas \u00eatre \u00e0 l&rsquo;origine de cette bande transversale ( je n&rsquo;ai jamais aim\u00e9 ce genre de d\u00e9coration sans fonction ) Je pense que ce mod\u00e8le date de l&rsquo;\u00e9poque Daniel Jacquinot, et que le comparatif du magazine Oc\u00e9ans de novembre 1975 avait utilis\u00e9 un mod\u00e8le stock\u00e9 dans un point de vente depuis un an ou deux&#8230;<\/span><\/p>\n<h3><em><strong><span style=\"font-family: verdana, geneva, sans-serif; font-size: 12pt;\">2. Le cadran \u00ab\u00a0Cote de Gen\u00e8ve\u00a0\u00bb<\/span><\/strong><\/em><\/h3>\n<figure id=\"attachment_3175\" aria-describedby=\"caption-attachment-3175\" style=\"width: 600px\" class=\"wp-caption aligncenter\"><img decoding=\"async\" class=\"size-full wp-image-3175\" src=\"http:\/\/leclubyema.com\/wp-content\/uploads\/2019\/10\/YEMA-Superman-Cote-de-Gen\u00eave_Credit-Adri-Also.jpg\" alt=\"YEMA Superman Cote de Gen\u00e8ve_Cr\u00e9dit Adri Also\" width=\"600\" height=\"800\" srcset=\"https:\/\/leclubyema.com\/wp-content\/uploads\/2019\/10\/YEMA-Superman-Cote-de-Gen\u00eave_Credit-Adri-Also.jpg 600w, https:\/\/leclubyema.com\/wp-content\/uploads\/2019\/10\/YEMA-Superman-Cote-de-Gen\u00eave_Credit-Adri-Also-225x300.jpg 225w, https:\/\/leclubyema.com\/wp-content\/uploads\/2019\/10\/YEMA-Superman-Cote-de-Gen\u00eave_Credit-Adri-Also-450x600.jpg 450w\" sizes=\"(max-width: 600px) 100vw, 600px\" \/><figcaption id=\"caption-attachment-3175\" class=\"wp-caption-text\">Cr\u00e9dit Photo : Adri Also<\/figcaption><\/figure>\n<p><span style=\"font-family: verdana, geneva, sans-serif; font-size: 12pt;\"><strong>Voici un version originale de la Superman, avec un cadran dont le motif \u00e9voque les cotes de Gen\u00e8ve et des aiguilles \u00ab\u00a0fourchues\u00a0\u00bb au corps \u00e9vid\u00e9, bien loin de la configuration habituelle. Vous souvenez-vous de cette cr\u00e9ation ?<\/strong><\/span><\/p>\n<p><span style=\"font-family: verdana, geneva, sans-serif; font-size: 12pt;\">Je n&rsquo;ai pas de souvenir particulier de cette version, mais le sigle Y cercl\u00e9 la date bien de mon \u00e9poque ! J&rsquo;avais sans doute voulu harmoniser les aiguilles avec la forme des appliques et enrichir les reflets du cadran avec ce motif cotes de Gen\u00e8ve&#8230;<\/span><\/p>\n<h3><em><strong><span style=\"font-family: verdana, geneva, sans-serif; font-size: 12pt;\">3. Le cadran au pictogramme \u00ab\u00a0myst\u00e8re\u00a0\u00bb<\/span><\/strong><\/em><\/h3>\n<p><span style=\"font-family: verdana, geneva, sans-serif; font-size: 12pt;\"><strong>La montre ci-dessous est dot\u00e9e d\u2019un d\u00e9tail qui intrigue beaucoup les collectionneurs. Il pr\u00e9sente en effet un curieux pictogramme \u00e0 6h. Vous souvenez-vous de quoi il s\u2019agit\u00a0?<\/strong><\/span><\/p>\n<figure id=\"attachment_83\" aria-describedby=\"caption-attachment-83\" style=\"width: 940px\" class=\"wp-caption aligncenter\"><img loading=\"lazy\" decoding=\"async\" class=\"size-large wp-image-83\" src=\"http:\/\/leclubyema.com\/wp-content\/uploads\/2018\/02\/16-1024x993.jpg\" alt=\"Yema Superman Pictogramme Myst\u00e8re\" width=\"940\" height=\"912\" srcset=\"https:\/\/leclubyema.com\/wp-content\/uploads\/2018\/02\/16-1024x993.jpg 1024w, https:\/\/leclubyema.com\/wp-content\/uploads\/2018\/02\/16-300x291.jpg 300w, https:\/\/leclubyema.com\/wp-content\/uploads\/2018\/02\/16-768x745.jpg 768w\" sizes=\"(max-width: 940px) 100vw, 940px\" \/><figcaption id=\"caption-attachment-83\" class=\"wp-caption-text\">Cr\u00e9dit Photo : Batilou<\/figcaption><\/figure>\n<p><span style=\"font-family: verdana, geneva, sans-serif; font-size: 12pt;\">Cette version est aussi de mon \u00e9poque, avec le nouveau signe Y, mais je ne me souviens pas de ce pictogramme.<\/span><\/p>\n<h3><strong><span style=\"font-family: verdana, geneva, sans-serif; font-size: 12pt;\"><em>4. Les cadrans noirs<\/em><\/span><\/strong><\/h3>\n<p><span style=\"font-family: verdana, geneva, sans-serif; font-size: 12pt;\"><strong>Vous vous \u00eates \u00e9cart\u00e9 ensuite des Superman \u00e0 cadran bleu et index appliqu\u00e9s pour cr\u00e9er un cadran noir, avec des index blancs et peints. On ne peut s\u2019emp\u00eacher de faire un rapprochement avec la Rolex Submariner. Celle-ci a-t-elle \u00e9t\u00e9 une source\u00a0\u00a0d\u2019inspiration \u00e0 l\u2019\u00e9poque\u00a0?\u00a0<\/strong><\/span><\/p>\n<figure id=\"attachment_2222\" aria-describedby=\"caption-attachment-2222\" style=\"width: 940px\" class=\"wp-caption aligncenter\"><img loading=\"lazy\" decoding=\"async\" class=\"size-large wp-image-2222\" src=\"http:\/\/leclubyema.com\/wp-content\/uploads\/2018\/05\/IMG_5641bis-1024x1012.jpg\" alt=\"Yema Superman 55 0016\" width=\"940\" height=\"929\" srcset=\"https:\/\/leclubyema.com\/wp-content\/uploads\/2018\/05\/IMG_5641bis-1024x1012.jpg 1024w, https:\/\/leclubyema.com\/wp-content\/uploads\/2018\/05\/IMG_5641bis-300x296.jpg 300w, https:\/\/leclubyema.com\/wp-content\/uploads\/2018\/05\/IMG_5641bis-768x759.jpg 768w, https:\/\/leclubyema.com\/wp-content\/uploads\/2018\/05\/IMG_5641bis-450x445.jpg 450w\" sizes=\"(max-width: 940px) 100vw, 940px\" \/><figcaption id=\"caption-attachment-2222\" class=\"wp-caption-text\">Yema Superman 55 0016 &#8211; Cr\u00e9dit Photo Batilou<\/figcaption><\/figure>\n<p><span style=\"font-family: verdana, geneva, sans-serif; font-size: 12pt;\">Je me souviens que je n&rsquo;aimais pas les index m\u00e9talliques du cadran, je pr\u00e9f\u00e9rais des index en tritium autoris\u00e9 \u00e0 l&rsquo;\u00e9poque, interdit ensuite \u00e0 cause des radiations et remplac\u00e9 par un produit suisse \u00ab\u00a0superluminova\u00a0\u00bb beaucoup moins lumineux.Je voulais une version plus \u00ab\u00a0technique\u00a0\u00bb, et le noir avec des gros index lumineux harmonisait ce mod\u00e8le avec les autres lignes Navygraf.<\/span><\/p>\n<p><span style=\"font-family: verdana, geneva, sans-serif; font-size: 12pt;\">Je n&rsquo;avais pas pens\u00e9 \u00e0 rapprocher ce mod\u00e8le de la Rolex Submariner &#8230; il faut aussi noter que Rolex dans les ann\u00e9es 70 n&rsquo;avait pas encore l&rsquo;impact qu&rsquo;il a eu par la suite<\/span><\/p>\n<h3><strong><span style=\"font-family: verdana, geneva, sans-serif; font-size: 12pt;\"><em>5. Le cadran \u00ab\u00a0Red cross\u00a0\u00bb<\/em><\/span><\/strong><\/h3>\n<p><span style=\"font-family: verdana, geneva, sans-serif; font-size: 12pt;\"><strong>Les collectionneurs ont donn\u00e9 le surnom de \u00ab\u00a0Red Cross\u00a0\u00bb \u00e0 ce cadran assez particulier. Est-ce bien vous qui l\u2019avez dessin\u00e9\u00a0? (il se peut que ce cadran ait \u00e9t\u00e9 cr\u00e9\u00e9 apr\u00e8s la fusion avec MATRA). Si oui, vous souvenez-vous des circonstances dans lesquelles vous l\u2019avez con\u00e7u\u00a0ou de ce qui vous a inspir\u00e9 ?<\/strong><\/span><\/p>\n<figure id=\"attachment_3174\" aria-describedby=\"caption-attachment-3174\" style=\"width: 800px\" class=\"wp-caption aligncenter\"><img loading=\"lazy\" decoding=\"async\" class=\"size-full wp-image-3174\" src=\"http:\/\/leclubyema.com\/wp-content\/uploads\/2019\/10\/YEMA-Superan-Red-Cross_Credit-Kit-Chung.jpg\" alt=\"Yema Superman Red Cross\" width=\"800\" height=\"800\" srcset=\"https:\/\/leclubyema.com\/wp-content\/uploads\/2019\/10\/YEMA-Superan-Red-Cross_Credit-Kit-Chung.jpg 800w, https:\/\/leclubyema.com\/wp-content\/uploads\/2019\/10\/YEMA-Superan-Red-Cross_Credit-Kit-Chung-150x150.jpg 150w, https:\/\/leclubyema.com\/wp-content\/uploads\/2019\/10\/YEMA-Superan-Red-Cross_Credit-Kit-Chung-300x300.jpg 300w, https:\/\/leclubyema.com\/wp-content\/uploads\/2019\/10\/YEMA-Superan-Red-Cross_Credit-Kit-Chung-768x768.jpg 768w, https:\/\/leclubyema.com\/wp-content\/uploads\/2019\/10\/YEMA-Superan-Red-Cross_Credit-Kit-Chung-450x450.jpg 450w\" sizes=\"(max-width: 800px) 100vw, 800px\" \/><figcaption id=\"caption-attachment-3174\" class=\"wp-caption-text\">Cr\u00e9dit photo : Kit Chung<\/figcaption><\/figure>\n<p><span style=\"font-family: verdana, geneva, sans-serif; font-size: 12pt;\">Je n&rsquo;ai pas non plus de souvenir de ce mod\u00e8le &#8230; ce n&rsquo;est pas trop mon style &#8230;<\/span><\/p>\n<p><span style=\"font-family: verdana, geneva, sans-serif; font-size: 12pt;\"><strong>Terminons notre \u00e9vocation des montres de plong\u00e9es avec la Navygraf, en haut \u00e0 droite sur l&rsquo;extrait de la\u00a0brochure<\/strong><\/span><\/p>\n<figure id=\"attachment_565\" aria-describedby=\"caption-attachment-565\" style=\"width: 940px\" class=\"wp-caption aligncenter\"><img loading=\"lazy\" decoding=\"async\" class=\"size-large wp-image-565\" src=\"http:\/\/leclubyema.com\/wp-content\/uploads\/2018\/02\/img022_GF-1024x897.jpg\" alt=\"YEMA_Brochure collection 1977_05\" width=\"940\" height=\"823\" srcset=\"https:\/\/leclubyema.com\/wp-content\/uploads\/2018\/02\/img022_GF-1024x897.jpg 1024w, https:\/\/leclubyema.com\/wp-content\/uploads\/2018\/02\/img022_GF-300x263.jpg 300w, https:\/\/leclubyema.com\/wp-content\/uploads\/2018\/02\/img022_GF-768x673.jpg 768w\" sizes=\"(max-width: 940px) 100vw, 940px\" \/><figcaption id=\"caption-attachment-565\" class=\"wp-caption-text\">Collection Yema 1977 &#8211; Brochure publicitaire<\/figcaption><\/figure>\n<p><span style=\"font-family: verdana, geneva, sans-serif; font-size: 12pt;\"><strong>Cette petite montre (qui ne poss\u00e8de pas les m\u00eames qualit\u00e9s d\u2019\u00e9tanch\u00e9it\u00e9 que la Navygraf II et la Superman) pr\u00e9sente un boitier manifestement dessin\u00e9 en m\u00eame temps que celui inspir\u00e9 du boitier acier des chronographes que nous avons d\u00e9j\u00e0\u00a0\u00e9voqu\u00e9s. Elle doit son succ\u00e8s aupr\u00e8s des\u00a0collectionneurs gr\u00e2ce \u00e0 la combinaison des index en point d\u2019exclamation et de ses aiguilles jaunes. Pouvez-vous m\u2019en dire un peu plus\u00a0?<\/strong><\/span><br \/>\n<span style=\"font-family: verdana, geneva, sans-serif; font-size: 12pt;\">Ce mod\u00e8le \u00e9tait destin\u00e9 \u00e0 profiter de l&rsquo;image de la Superman en offrant une version moins \u00e9labor\u00e9e et moins ch\u00e8re. J&rsquo;avais sans doute dessin\u00e9 ces index et fait ce choix de couleur pour la diff\u00e9rencier au maximum &#8230;<\/span><\/p>\n<h2><span style=\"font-family: verdana, geneva, sans-serif; font-size: 12pt;\"><strong>EXTRAIT 3. LES YEMA SPORT AUTOMATIQUE CALENDRIER<\/strong><\/span><br \/>\n<span style=\"font-family: verdana, geneva, sans-serif; font-size: 12pt;\"><img decoding=\"async\" src=\"file:\/\/\/\/var\/folders\/j8\/8lgjt2qs4s92zr12hf8qh8340000gn\/T\/com.microsoft.Word\/WebArchiveCopyPasteTempFiles\/img025_GF-1024x513.jpg\" \/><\/span><\/h2>\n<figure id=\"attachment_562\" aria-describedby=\"caption-attachment-562\" style=\"width: 940px\" class=\"wp-caption aligncenter\"><img loading=\"lazy\" decoding=\"async\" class=\"size-large wp-image-562\" src=\"http:\/\/leclubyema.com\/wp-content\/uploads\/2018\/02\/img025_GF-1024x513.jpg\" alt=\"YEMA_Brochure collection 1977_08\" width=\"940\" height=\"471\" srcset=\"https:\/\/leclubyema.com\/wp-content\/uploads\/2018\/02\/img025_GF-1024x513.jpg 1024w, https:\/\/leclubyema.com\/wp-content\/uploads\/2018\/02\/img025_GF-300x150.jpg 300w, https:\/\/leclubyema.com\/wp-content\/uploads\/2018\/02\/img025_GF-768x385.jpg 768w\" sizes=\"(max-width: 940px) 100vw, 940px\" \/><figcaption id=\"caption-attachment-562\" class=\"wp-caption-text\">Collection Yema 1977 &#8211; Brochure publicitaire<\/figcaption><\/figure>\n<p><span style=\"font-family: verdana, geneva, sans-serif; font-size: 12pt;\"><strong>Cette ligne pr\u00e9sente des montres vraiment sympathiques. Une sp\u00e9ciale moto \u00e0 gauche, une petite plongeuse \u00e0 lunette interne, une meangraf\u2026 Pouvez-vous m\u2019en dire un peu plus sur leur conception\u00a0?\u00a0<\/strong><\/span><\/p>\n<p><span style=\"font-family: verdana, geneva, sans-serif; font-size: 12pt;\">Ce mod\u00e8le est un des premiers que j&rsquo;ai dessin\u00e9s pour Yema. Style \u00ab\u00a0tube\u00a0\u00bb anguleux, sans doute le premier avec verre min\u00e9ral plat, deux remontoirs pour le mouvement et pour la rotation de la lunette int\u00e9rieure<\/span><br \/>\n<span style=\"font-family: verdana, geneva, sans-serif; font-size: 12pt;\">Plusieurs ann\u00e9es plus tard Alain Silberstein (architecte horloger bisontin) reprendra ce style de bo\u00eetier pour toute sa collection.<\/span><\/p>\n<p><span style=\"font-family: verdana, geneva, sans-serif; font-size: 12pt;\">Le design relevait de ma premi\u00e8re approche, avec le d\u00e9sir de faire un dessin pur et technique. L\u00e0 aussi, des probl\u00e8mes d&rsquo;usinage et de finition avaient cr\u00e9\u00e9 de grosses contraintes et m\u2019emp\u00eachaient d&rsquo;incliner les couvre-anses comme je l&rsquo;aurais souhait\u00e9 &#8230; d&rsquo;o\u00f9 cette petite cassure qui g\u00e2chait un peu la puret\u00e9 du dessin.<\/span><\/p>\n<p><span style=\"font-family: verdana, geneva, sans-serif; font-size: 12pt;\">Le traitement noir aussi posait de multiples probl\u00e8mes, le nitrure de titane n&rsquo;\u00e9tait pas encore au point et en dehors de l&rsquo;anodisation sur alu (utilis\u00e9e par LIP sur les mod\u00e8les TALON) il n&rsquo;existait que le chrome noir. Sa r\u00e9sistance n&rsquo;\u00e9tait pas tr\u00e8s bonne, mais je tenais \u00e0 avoir des montres noires en collection &#8230;<\/span><\/p>\n<h2><span style=\"font-family: verdana, geneva, sans-serif; font-size: 12pt;\"><strong>EXTRAIT 4. LES YEMA ETANCHES \u00ab\u00a0VILLE\u00a0\u00bb AUTOMATIQUE CALENDRIER<\/strong><\/span><\/h2>\n<figure id=\"attachment_568\" aria-describedby=\"caption-attachment-568\" style=\"width: 940px\" class=\"wp-caption aligncenter\"><img loading=\"lazy\" decoding=\"async\" class=\"size-large wp-image-568\" src=\"http:\/\/leclubyema.com\/wp-content\/uploads\/2018\/02\/img019_GF-1024x566.jpg\" alt=\"YEMA_Brochure collection 1977_02\" width=\"940\" height=\"520\" srcset=\"https:\/\/leclubyema.com\/wp-content\/uploads\/2018\/02\/img019_GF-1024x566.jpg 1024w, https:\/\/leclubyema.com\/wp-content\/uploads\/2018\/02\/img019_GF-300x166.jpg 300w, https:\/\/leclubyema.com\/wp-content\/uploads\/2018\/02\/img019_GF-768x424.jpg 768w\" sizes=\"(max-width: 940px) 100vw, 940px\" \/><figcaption id=\"caption-attachment-568\" class=\"wp-caption-text\">Collection Yema 1977 &#8211; Brochure publicitaire<\/figcaption><\/figure>\n<p><span style=\"font-family: verdana, geneva, sans-serif; font-size: 12pt;\"><strong>Les deux premi\u00e8res montres en partant de la gauche montres ont un design assez particulier. Quels souvenirs vous inspirent-t-elles\u00a0?\u00a0<\/strong><\/span><\/p>\n<p><span style=\"font-family: verdana, geneva, sans-serif; font-size: 12pt;\">L&rsquo;id\u00e9e de d\u00e9part de cette ligne venait d&rsquo;Andr\u00e9 Lemarquand, alors styliste, qui cr\u00e9era par la suite sa propre marque en Suisse.<\/span><br \/>\n<span style=\"font-family: verdana, geneva, sans-serif; font-size: 12pt;\">J&rsquo;avais repris son id\u00e9e de base et l&rsquo;avais modifi\u00e9e pour l&rsquo;adapter \u00e0 divers mouvements utilis\u00e9s par Yema, en volumes homme et dame, LED et analogiques.<\/span><br \/>\n<span style=\"font-family: verdana, geneva, sans-serif; font-size: 12pt;\">Le cot\u00e9 montre tableau de bord d&rsquo;aviation sera repris 20 ans plus tard par Bell et Ross avec succ\u00e8s.<\/span><\/p>\n<h3><span style=\"font-family: verdana, geneva, sans-serif; font-size: 12pt;\"><strong>La collection YEMA DIGITAL<\/strong><\/span><\/h3>\n<p><span style=\"font-family: verdana, geneva, sans-serif; font-size: 12pt;\"><strong>Voici une photo montrant r\u00e9unis les 3 mod\u00e8les de la collection \u00ab\u00a0DIGITAL Jaune\u00a0\u00bb que je trouve tr\u00e8s amusante. Est-ce vous qui l\u2019avez dessin\u00e9e\u00a0?<\/strong><\/span><\/p>\n<figure id=\"attachment_3177\" aria-describedby=\"caption-attachment-3177\" style=\"width: 640px\" class=\"wp-caption aligncenter\"><img loading=\"lazy\" decoding=\"async\" class=\"size-full wp-image-3177\" src=\"http:\/\/leclubyema.com\/wp-content\/uploads\/2019\/10\/Yema-Digital_jaune_small.jpg\" alt=\"YEMA Digital cadran jaune\" width=\"640\" height=\"427\" srcset=\"https:\/\/leclubyema.com\/wp-content\/uploads\/2019\/10\/Yema-Digital_jaune_small.jpg 640w, https:\/\/leclubyema.com\/wp-content\/uploads\/2019\/10\/Yema-Digital_jaune_small-300x200.jpg 300w, https:\/\/leclubyema.com\/wp-content\/uploads\/2019\/10\/Yema-Digital_jaune_small-450x300.jpg 450w\" sizes=\"(max-width: 640px) 100vw, 640px\" \/><figcaption id=\"caption-attachment-3177\" class=\"wp-caption-text\">Collection. YEMA Digital. Cr\u00e9dit Photo : inconnu<\/figcaption><\/figure>\n<p><span style=\"font-family: verdana, geneva, sans-serif; font-size: 12pt;\">Oui, je suis l&rsquo;auteur des visuels cadrans &#8230; il existait encore une client\u00e8le pour ce type de lecture de l&rsquo;heure, et je m&rsquo;\u00e9tais appliqu\u00e9 \u00e0 en renouveler l&rsquo;aspect !<\/span><\/p>\n<h3><span style=\"font-family: verdana, geneva, sans-serif; font-size: 12pt;\"><strong>LES CHRONOS RALLYGRAF 2, FLYGRAF 2, MEANGRAF 2<\/strong><\/span><\/h3>\n<p><span style=\"font-family: verdana, geneva, sans-serif; font-size: 12pt;\"><strong>Voici 3 publicit\u00e9s de presse vantant les m\u00e9rites des chronos Rallygraf 2, Flygraf 2 et Meangraf 2\u00a0? Vous avez sans doute dessin\u00e9 ces montres en 1979 ou 1980 d&rsquo;apr\u00e8s les informations que j&rsquo;ai pu retrouver. Le design de ces montres sportives est d&rsquo;un style sensiblement diff\u00e9rent de ce que vous\u00a0aviez pu faire par ailleurs. Il est par ailleurs assez amusant d&rsquo;observer que toutes ont un bracelet diff\u00e9rent bien qu\u2019appartenant \u00e0 la m\u00eame ligne. Vous souvenez-vous de ce qui vous avait inspir\u00e9 tant pour la montre que pour la combinaison des bracelets ?<\/strong><\/span><\/p>\n<figure id=\"attachment_3188\" aria-describedby=\"caption-attachment-3188\" style=\"width: 940px\" class=\"wp-caption aligncenter\"><img loading=\"lazy\" decoding=\"async\" class=\"size-large wp-image-3188\" src=\"http:\/\/leclubyema.com\/wp-content\/uploads\/2019\/10\/YEMA-Rallygraf-2_Publicite-presse-sportive_Agence-Marcel-Germont-1024x743.jpg\" alt=\"Yema Rallygraf 2. Publicit\u00e9 Presse Agence Marcel Germont\" width=\"940\" height=\"682\" srcset=\"https:\/\/leclubyema.com\/wp-content\/uploads\/2019\/10\/YEMA-Rallygraf-2_Publicite-presse-sportive_Agence-Marcel-Germont-1024x743.jpg 1024w, https:\/\/leclubyema.com\/wp-content\/uploads\/2019\/10\/YEMA-Rallygraf-2_Publicite-presse-sportive_Agence-Marcel-Germont-300x218.jpg 300w, https:\/\/leclubyema.com\/wp-content\/uploads\/2019\/10\/YEMA-Rallygraf-2_Publicite-presse-sportive_Agence-Marcel-Germont-768x557.jpg 768w, https:\/\/leclubyema.com\/wp-content\/uploads\/2019\/10\/YEMA-Rallygraf-2_Publicite-presse-sportive_Agence-Marcel-Germont-450x326.jpg 450w, https:\/\/leclubyema.com\/wp-content\/uploads\/2019\/10\/YEMA-Rallygraf-2_Publicite-presse-sportive_Agence-Marcel-Germont.jpg 1136w\" sizes=\"(max-width: 940px) 100vw, 940px\" \/><figcaption id=\"caption-attachment-3188\" class=\"wp-caption-text\">Yema Rallygraf 2. Publicit\u00e9 Presse Agence Marcel Germont<\/figcaption><\/figure>\n<figure id=\"attachment_3186\" aria-describedby=\"caption-attachment-3186\" style=\"width: 940px\" class=\"wp-caption aligncenter\"><img loading=\"lazy\" decoding=\"async\" class=\"size-large wp-image-3186\" src=\"http:\/\/leclubyema.com\/wp-content\/uploads\/2019\/10\/YEMA-Flygraf-2_Publicite-presse-sportive_Agence-Marcel-Germont-1024x759.jpg\" alt=\"YEMA Flygraf 2_Publicit\u00e9 Marcel Germont\" width=\"940\" height=\"697\" srcset=\"https:\/\/leclubyema.com\/wp-content\/uploads\/2019\/10\/YEMA-Flygraf-2_Publicite-presse-sportive_Agence-Marcel-Germont-1024x759.jpg 1024w, https:\/\/leclubyema.com\/wp-content\/uploads\/2019\/10\/YEMA-Flygraf-2_Publicite-presse-sportive_Agence-Marcel-Germont-300x223.jpg 300w, https:\/\/leclubyema.com\/wp-content\/uploads\/2019\/10\/YEMA-Flygraf-2_Publicite-presse-sportive_Agence-Marcel-Germont-768x570.jpg 768w, https:\/\/leclubyema.com\/wp-content\/uploads\/2019\/10\/YEMA-Flygraf-2_Publicite-presse-sportive_Agence-Marcel-Germont-450x334.jpg 450w, https:\/\/leclubyema.com\/wp-content\/uploads\/2019\/10\/YEMA-Flygraf-2_Publicite-presse-sportive_Agence-Marcel-Germont.jpg 1262w\" sizes=\"(max-width: 940px) 100vw, 940px\" \/><figcaption id=\"caption-attachment-3186\" class=\"wp-caption-text\">YEMA Flygraf 2. Publicit\u00e9 Presse Agence Marcel Germont<\/figcaption><\/figure>\n<figure id=\"attachment_3187\" aria-describedby=\"caption-attachment-3187\" style=\"width: 940px\" class=\"wp-caption aligncenter\"><img loading=\"lazy\" decoding=\"async\" class=\"size-large wp-image-3187\" src=\"http:\/\/leclubyema.com\/wp-content\/uploads\/2019\/10\/YEMA-Meangraf-2_Publicite-presse-sportive_Agence-Marcel-Germont-1024x686.jpg\" alt=\"Yema Meangraf 2. Publicit\u00e9 Presse Agence Marcel Germont\" width=\"940\" height=\"630\" srcset=\"https:\/\/leclubyema.com\/wp-content\/uploads\/2019\/10\/YEMA-Meangraf-2_Publicite-presse-sportive_Agence-Marcel-Germont-1024x686.jpg 1024w, https:\/\/leclubyema.com\/wp-content\/uploads\/2019\/10\/YEMA-Meangraf-2_Publicite-presse-sportive_Agence-Marcel-Germont-300x201.jpg 300w, https:\/\/leclubyema.com\/wp-content\/uploads\/2019\/10\/YEMA-Meangraf-2_Publicite-presse-sportive_Agence-Marcel-Germont-768x514.jpg 768w, https:\/\/leclubyema.com\/wp-content\/uploads\/2019\/10\/YEMA-Meangraf-2_Publicite-presse-sportive_Agence-Marcel-Germont-450x301.jpg 450w, https:\/\/leclubyema.com\/wp-content\/uploads\/2019\/10\/YEMA-Meangraf-2_Publicite-presse-sportive_Agence-Marcel-Germont.jpg 1108w\" sizes=\"(max-width: 940px) 100vw, 940px\" \/><figcaption id=\"caption-attachment-3187\" class=\"wp-caption-text\">Yema Meangraf 2. Publicit\u00e9 Presse Agence Marcel Germont<\/figcaption><\/figure>\n<p><span style=\"font-family: verdana, geneva, sans-serif; font-size: 12pt;\">Il m&rsquo;\u00e9tait impossible de faire r\u00e9aliser un nouveau bracelet m\u00e9tallique, les co\u00fbts auraient \u00e9t\u00e9 trop \u00e9lev\u00e9s par rapport aux prix de vente des bracelets propos\u00e9s (d\u00e9j\u00e0 en provenance d\u2019extr\u00eame orient). Je ne pouvais que faire un choix parmi les maillons existants, avec quelquefois la possibilit\u00e9 de modifier un peu la finition.<\/span><\/p>\n<p><span style=\"font-family: verdana, geneva, sans-serif; font-size: 12pt;\">Pour les lignes des mod\u00e8les, je naviguais au gr\u00e9 de mes inspirations, allant d&rsquo;un style art d\u00e9co que j&rsquo;ai toujours aim\u00e9 \u00e0 des dessins plus techniques ou plus \u00ab\u00a0bruts\u00a0\u00bb &#8230; j&rsquo;essayais ensuite de conserver un minimum de logique entre les collections.<\/span><span style=\"font-family: verdana, geneva, sans-serif; font-size: 12pt;\"><img decoding=\"async\" src=\"file:\/\/\/\/var\/folders\/j8\/8lgjt2qs4s92zr12hf8qh8340000gn\/T\/com.microsoft.Word\/WebArchiveCopyPasteTempFiles\/img368_GF-e1567014395238-1024x791.jpg\" \/><\/span><\/p>\n<h3><span style=\"font-family: verdana, geneva, sans-serif; font-size: 12pt;\"><strong>LA YEMA SPATIONAUTE<\/strong><\/span><\/h3>\n<p><span style=\"font-family: verdana, geneva, sans-serif; font-size: 12pt;\"><strong>Vous souvenez-vous des circonstances de sa cr\u00e9ation\u00a0? Du partenariat avec Yema\u00a0? J\u2019imagine qu\u2019une montre qui va dans l\u2019espace doit respecter un cahier des charges extr\u00eamement rigoureux\u2026.<\/strong><\/span><br \/>\n<span style=\"font-family: verdana, geneva, sans-serif; font-size: 12pt;\"><strong>Cette montre sera suivie d\u2019autres d\u00e9clinaisons de Yema Spationaute\u00a0? Il y a eu la \u00ab\u00a01\u00a0\u00bb, la \u00ab\u00a02\u00a0\u00bb avec un design assez proche, la \u00ab\u00a03\u00a0\u00bb beaucoup plus tard lorsque YEMA \u00e9tait pass\u00e9 sous la coupe de Seiko. Avez-vous contribu\u00e9 au design de la Spationaute II\u00a0?<\/strong><\/span><\/p>\n<figure id=\"attachment_3191\" aria-describedby=\"caption-attachment-3191\" style=\"width: 940px\" class=\"wp-caption aligncenter\"><img loading=\"lazy\" decoding=\"async\" class=\"size-large wp-image-3191\" src=\"http:\/\/leclubyema.com\/wp-content\/uploads\/2019\/10\/YEMA-Spationaute-I-1024x629.jpg\" alt=\"YEMA Spationaute 1\" width=\"940\" height=\"577\" srcset=\"https:\/\/leclubyema.com\/wp-content\/uploads\/2019\/10\/YEMA-Spationaute-I-1024x629.jpg 1024w, https:\/\/leclubyema.com\/wp-content\/uploads\/2019\/10\/YEMA-Spationaute-I-300x184.jpg 300w, https:\/\/leclubyema.com\/wp-content\/uploads\/2019\/10\/YEMA-Spationaute-I-768x472.jpg 768w, https:\/\/leclubyema.com\/wp-content\/uploads\/2019\/10\/YEMA-Spationaute-I-450x277.jpg 450w, https:\/\/leclubyema.com\/wp-content\/uploads\/2019\/10\/YEMA-Spationaute-I.jpg 1038w\" sizes=\"(max-width: 940px) 100vw, 940px\" \/><figcaption id=\"caption-attachment-3191\" class=\"wp-caption-text\">YEMA Spationaute 1<\/figcaption><\/figure>\n<p><span style=\"font-family: verdana, geneva, sans-serif; font-size: 12pt;\">La spationaute avait \u00e9t\u00e9 un projet difficile &#8230; le d\u00e9centrage des aiguilles vers le haut m&rsquo;avait conduit \u00e0 ce graphisme d&rsquo;index particulier<\/span><br \/>\n<span style=\"font-family: verdana, geneva, sans-serif; font-size: 12pt;\">La num\u00e9rotation \u00e9tait sans doute un de mes souhaits &#8230; et ce pi\u00e8tre marquage montre bien les difficult\u00e9s que j&rsquo;avais avec les fabricants &#8230; je n&rsquo;accepterais plus aujourd&rsquo;hui un aussi mauvais polissage<\/span><\/p>\n<p><span style=\"font-family: verdana, geneva, sans-serif; font-size: 12pt;\">Je n&rsquo;\u00e9tais pas \u00e0 l&rsquo;origine de la demande, je suppose qu&rsquo;elle provenait de H.J. Belmont. J&rsquo;\u00e9tais trop occup\u00e9 pour suivre cette approche \u00ab\u00a0commerciale\u00a0\u00bb et je n&rsquo;ai jamais rencontr\u00e9 Jean-Loup Chr\u00e9tien &#8230; Je ne suis d&rsquo;ailleurs pas certain que la montre a \u00e9t\u00e9 dessin\u00e9e pour \u00eatre la spationaute mais plut\u00f4t qu&rsquo;elle a \u00e9t\u00e9 choisie pour le devenir &#8230; beaucoup de montres techniques Yema auraient pu sans difficult\u00e9 correspondre au cahier des charges de la Spationaute.<\/span><br \/>\n<span style=\"font-family: verdana, geneva, sans-serif; font-size: 12pt;\">Je crois ne pas \u00eatre intervenu sur la Spationaute 2 &#8230;<\/span><\/p>\n<h3><span style=\"font-family: verdana, geneva, sans-serif; font-size: 12pt;\"><strong>LA YEMA SEACOLT<\/strong><\/span><\/h3>\n<p><span style=\"font-family: verdana, geneva, sans-serif; font-size: 12pt;\"><strong>Vous trouverez ci-dessous des photos d\u2019une YEMA Seacolt, extraites d\u2019un catalogue de vente aux ench\u00e8res. Cette montre fait couler beaucoup d\u2019encre dans le petit monde des collectionneurs. Elle aurait \u00e9t\u00e9 cr\u00e9\u00e9e vers 1975\/1976, sur la base d\u2019un boitier M.R.P. Elle apparait sur des forums horlogers dans 2 configurations diff\u00e9rentes (index peints et guichet de date encadr\u00e9, index en applique cercl\u00e9 et guichet de date simple). Pour autant elle n\u2019a jamais \u00e9t\u00e9 vue sur des publicit\u00e9s ou des catalogues. Son nombre d\u2019exemplaires parait extr\u00eamement r\u00e9duit. A votre connaissance cette montre a-t-elle r\u00e9ellement \u00e9t\u00e9 produite\u00a0? Peut-il s\u2019agir de prototypes ou de s\u00e9ries confidentielles\u00a0?\u00a0<img decoding=\"async\" src=\"file:\/\/\/\/Users\/raphaelchardon\/Library\/Group%20Containers\/UBF8T346G9.Office\/TemporaryItems\/msohtmlclip\/clip_image013.png\" \/><\/strong><\/span><\/p>\n<figure id=\"attachment_3192\" aria-describedby=\"caption-attachment-3192\" style=\"width: 940px\" class=\"wp-caption aligncenter\"><img loading=\"lazy\" decoding=\"async\" class=\"size-large wp-image-3192\" src=\"http:\/\/leclubyema.com\/wp-content\/uploads\/2019\/10\/YEMA-Seacolt_Vente-Leclere_Drouot-2018-1024x392.jpg\" alt=\"YEMA Seacolt_Archive Drouot\" width=\"940\" height=\"360\" srcset=\"https:\/\/leclubyema.com\/wp-content\/uploads\/2019\/10\/YEMA-Seacolt_Vente-Leclere_Drouot-2018-1024x392.jpg 1024w, https:\/\/leclubyema.com\/wp-content\/uploads\/2019\/10\/YEMA-Seacolt_Vente-Leclere_Drouot-2018-300x115.jpg 300w, https:\/\/leclubyema.com\/wp-content\/uploads\/2019\/10\/YEMA-Seacolt_Vente-Leclere_Drouot-2018-768x294.jpg 768w, https:\/\/leclubyema.com\/wp-content\/uploads\/2019\/10\/YEMA-Seacolt_Vente-Leclere_Drouot-2018-450x172.jpg 450w\" sizes=\"(max-width: 940px) 100vw, 940px\" \/><figcaption id=\"caption-attachment-3192\" class=\"wp-caption-text\">La YEMA Seacolt a-t-elle vraiment exist\u00e9 ?<\/figcaption><\/figure>\n<p><span style=\"font-family: verdana, geneva, sans-serif; font-size: 12pt;\">Je ne me souviens pas de ce produit &#8230; mais le cadran semble \u00eatre de ma g\u00e9n\u00e9ration. Soit j&rsquo;ai effectu\u00e9 une \u00ab\u00a0mise \u00e0 jour\u00a0\u00bb sur un reliquat en stock, soit cette photo correspond \u00e0 une montre r\u00e9par\u00e9e avec un changement de cadran &#8230; mais le marquage est pourtant sp\u00e9cifique ?<\/span><\/p>\n<p><strong style=\"font-family: verdana, geneva, sans-serif; font-size: 12pt;\">Vous \u00e9voquez, je cite :\u00a0une \u00ab\u00a0mise \u00e0 jour\u00a0\u00bb sur un reliquat en stock. Qu&rsquo;entendez-vous par l\u00e0 ?<\/strong>\u00a0<span style=\"font-family: verdana, geneva, sans-serif; font-size: 12pt;\"><strong>Par ailleurs les 2 versions de\u00a0cadran\u00a0portent la mention \u00ab\u00a0Swiss made\u00a0\u00bb. J&rsquo;ai vu cette mention sur d&rsquo;autres YEMA. Certaines YEMA n&rsquo;\u00e9taient donc pas assembl\u00e9es en France ?<\/strong><\/span><\/p>\n<p><span style=\"font-family: verdana, geneva, sans-serif; font-size: 12pt;\">Je supposais l&rsquo;utilisation d&rsquo;un stock invendu &#8230; mais je n&rsquo;ai pas de souvenirs pr\u00e9cis de cette s\u00e9rie.Pour la marque \u00ab\u00a0swiss made\u00a0\u00bb l&rsquo;utilisation \u00e9tait plus large qu&rsquo;aujourd&rsquo;hui, un mouvement fait en suisse permettait ce marquage. Aucune montre Yema n&rsquo;\u00e9tait assembl\u00e9e en Suisse.<\/span><\/p>\n<h3><span style=\"font-family: verdana, geneva, sans-serif; font-size: 12pt;\"><strong>LES VISUELS DES CATALOGUES SONT-ILS FIABLES\u00a0?<\/strong><\/span><\/h3>\n<p><span style=\"font-family: verdana, geneva, sans-serif; font-size: 12pt;\"><strong>Ma question peut vous para\u00eetre saugrenue mais voici par exemple l\u2019extrait d\u2019une brochure qui pr\u00e9sente, en bas \u00e0 gauche, sous la r\u00e9f\u00e9rence 55078AC, une Superman cadran bleu et trotteuse \u00ab\u00a0lolipop\u00a0\u00bb \u00e0 extr\u00e9mit\u00e9 ronde. Je pense ne l\u2019avoir jamais vue dans la r\u00e9alit\u00e9.<\/strong><\/span><\/p>\n<figure id=\"attachment_521\" aria-describedby=\"caption-attachment-521\" style=\"width: 940px\" class=\"wp-caption aligncenter\"><img loading=\"lazy\" decoding=\"async\" class=\"size-large wp-image-521\" src=\"http:\/\/leclubyema.com\/wp-content\/uploads\/2018\/02\/img051_GF-e1567188173757-1024x753.jpg\" alt=\"YEMA_Collection 1976_D\u00e9pliant_02\" width=\"940\" height=\"691\" srcset=\"https:\/\/leclubyema.com\/wp-content\/uploads\/2018\/02\/img051_GF-e1567188173757-1024x753.jpg 1024w, https:\/\/leclubyema.com\/wp-content\/uploads\/2018\/02\/img051_GF-e1567188173757-300x221.jpg 300w, https:\/\/leclubyema.com\/wp-content\/uploads\/2018\/02\/img051_GF-e1567188173757-768x565.jpg 768w, https:\/\/leclubyema.com\/wp-content\/uploads\/2018\/02\/img051_GF-e1567188173757-450x331.jpg 450w\" sizes=\"(max-width: 940px) 100vw, 940px\" \/><figcaption id=\"caption-attachment-521\" class=\"wp-caption-text\">YEMA_Collection 1976_D\u00e9pliant_05<\/figcaption><\/figure>\n<p><span style=\"font-family: verdana, geneva, sans-serif; font-size: 12pt;\">Pour l&rsquo;exactitude du catalogue, je crois que la plupart des mod\u00e8les \u00e9taient conformes \u00e0 la s\u00e9rie &#8230; mais les catalogues \u00e9taient imprim\u00e9s avant la sortie des produits et il est possible que quelques d\u00e9tails ne correspondent pas.<\/span><\/p>\n<p><span style=\"font-family: verdana, geneva, sans-serif; font-size: 12pt;\"><strong>Au cours de mes recherches, j&rsquo;ai crois\u00e9 la photo d&rsquo;un bulletin s&rsquo;appelant \u00ab\u00a0<em>Les informations YEMA<\/em>\u00ab\u00a0. L&rsquo;avez-vous connu ? S&rsquo;agit-il d&rsquo;un support de communication interne \u00e0 l&rsquo;entreprise ou destin\u00e9 au r\u00e9seau HBJO ?<\/strong><\/span><\/p>\n<p><span style=\"font-family: verdana, geneva, sans-serif; font-size: 12pt;\"><em>Les informations YEMA\u00a0<\/em><\/span><span style=\"font-family: verdana, geneva, sans-serif; font-size: 12pt;\">\u00e9tait un bulletin diffus\u00e9 aux HBJO fran\u00e7ais. J\u2019ai retrouv\u00e9 l\u2019exemplaire N\u00b019 que mon \u00e9pouse avait conserv\u00e9, dat\u00e9 de novembre 1978. Sans doute le seul souvenir de mon passage chez Yema. Il y avait un petit article sur le bureau \u00ab\u00a0style\u00a0\u00bb avec une photo du styliste (moi encore jeune et beau!). J\u2019\u00e9tais donc \u00ab\u00a0en fonction\u00a0\u00bb depuis 4 ans et bien int\u00e9gr\u00e9. Je constate que l&rsquo;en-t\u00eate de cette petite publication avait int\u00e9gr\u00e9 mon\u00a0sigle Y, cocar\u00e9 en bleu-blanc-rouge &#8230;<\/span><\/p>\n<figure id=\"attachment_3193\" aria-describedby=\"caption-attachment-3193\" style=\"width: 682px\" class=\"wp-caption aligncenter\"><img loading=\"lazy\" decoding=\"async\" class=\"size-full wp-image-3193\" src=\"http:\/\/leclubyema.com\/wp-content\/uploads\/2019\/10\/Informations-YEMA_N\u00b019_Credit-Jean-Muller_01.jpg\" alt=\"Informations YEMA_Lettre HBJO\" width=\"682\" height=\"973\" srcset=\"https:\/\/leclubyema.com\/wp-content\/uploads\/2019\/10\/Informations-YEMA_N\u00b019_Credit-Jean-Muller_01.jpg 682w, https:\/\/leclubyema.com\/wp-content\/uploads\/2019\/10\/Informations-YEMA_N\u00b019_Credit-Jean-Muller_01-210x300.jpg 210w, https:\/\/leclubyema.com\/wp-content\/uploads\/2019\/10\/Informations-YEMA_N\u00b019_Credit-Jean-Muller_01-450x642.jpg 450w\" sizes=\"(max-width: 682px) 100vw, 682px\" \/><figcaption id=\"caption-attachment-3193\" class=\"wp-caption-text\">Informations YEMA. Lettre promotionnelle \u00e0 l&rsquo;attention du r\u00e9seau HBJO. Cr\u00e9dit photo Jean M\u00fcller<\/figcaption><\/figure>\n<figure id=\"attachment_3194\" aria-describedby=\"caption-attachment-3194\" style=\"width: 940px\" class=\"wp-caption aligncenter\"><img loading=\"lazy\" decoding=\"async\" class=\"size-large wp-image-3194\" src=\"http:\/\/leclubyema.com\/wp-content\/uploads\/2019\/10\/Informations-YEMA_N\u00b019_Credit-Jean-Muller-1024x631.jpg\" alt=\"Informations YEMA. Comment se cr\u00e9e une collection ? Cr\u00e9dit photo Jean M\u00fcller\" width=\"940\" height=\"579\" srcset=\"https:\/\/leclubyema.com\/wp-content\/uploads\/2019\/10\/Informations-YEMA_N\u00b019_Credit-Jean-Muller-1024x631.jpg 1024w, https:\/\/leclubyema.com\/wp-content\/uploads\/2019\/10\/Informations-YEMA_N\u00b019_Credit-Jean-Muller-300x185.jpg 300w, https:\/\/leclubyema.com\/wp-content\/uploads\/2019\/10\/Informations-YEMA_N\u00b019_Credit-Jean-Muller-768x473.jpg 768w, https:\/\/leclubyema.com\/wp-content\/uploads\/2019\/10\/Informations-YEMA_N\u00b019_Credit-Jean-Muller-450x277.jpg 450w, https:\/\/leclubyema.com\/wp-content\/uploads\/2019\/10\/Informations-YEMA_N\u00b019_Credit-Jean-Muller.jpg 1389w\" sizes=\"(max-width: 940px) 100vw, 940px\" \/><figcaption id=\"caption-attachment-3194\" class=\"wp-caption-text\">Informations YEMA. Comment se cr\u00e9e une collection Yema \u00a0? Cr\u00e9dit photo Jean M\u00fcller<\/figcaption><\/figure>\n<h3><span style=\"font-family: verdana, geneva, sans-serif; font-size: 12pt;\"><strong>MA DERNIERE QUESTION<\/strong><\/span><\/h3>\n<p><span style=\"font-family: verdana, geneva, sans-serif; font-size: 12pt;\"><strong>Portiez-vous vos montres\u00a0?\u00a0<\/strong><\/span><\/p>\n<p><span style=\"font-family: verdana, geneva, sans-serif; font-size: 12pt;\">J&rsquo;ai tr\u00e8s rarement port\u00e9 une montre, encore moins un produit que j&rsquo;avais dessin\u00e9 &#8230; d&rsquo;abord comme je crois vous l&rsquo;avoir d\u00e9j\u00e0 exprim\u00e9, je me d\u00e9sint\u00e9ressais imm\u00e9diatement d&rsquo;un mod\u00e8le d\u00e8s que je travaillais sur un autre, et aussi parce que je ne supporte pas de conna\u00eetre l&rsquo;heure ! Je me souviens pourtant d&rsquo;avoir eu au poignet pendant assez longtemps un prototype r\u00e9alis\u00e9 par l&rsquo;atelier BRENOT, en laiton trait\u00e9 noir, avec lunette fix\u00e9e par de nombreuses vis visibles &#8230; ce mod\u00e8le n&rsquo;avait jamais \u00e9t\u00e9 produit.<\/span><\/p>\n<p><span style=\"font-family: verdana, geneva, sans-serif; font-size: 12pt;\"><strong>Je vous remercie chaleureusement pour ce tr\u00e8s riche entretien et le temps que vous avez patiemment consacr\u00e9 \u00e0 r\u00e9pondre \u00e0 mes nombreuses questions. Votre t\u00e9moignage permet aux plus jeunes de d\u00e9couvrir au travers de vos souvenirs les riches heures de cette belle marque de l\u2019horlogerie fran\u00e7aise qu\u2019est YEMA. Aux plus anciens qui nous lisent et qui vous ont peut-\u00eatre cotoy\u00e9 rue des Cras il aura, je l\u2019esp\u00e8re, rappel\u00e9 d\u2019heureux moments. Merci, Jean M\u00fcller.<\/strong><\/span><\/p>\n<hr \/>\n<p style=\"text-align: center;\"><span style=\"font-size: 12pt;\"><i style=\"font-family: verdana, geneva, sans-serif;\">Vous l&rsquo;avez compris. C&rsquo;est ici que se termine\u00a0<\/i><span style=\"font-family: verdana, geneva, sans-serif;\"><i>l&rsquo;exceptionnel<\/i><\/span><i style=\"font-family: verdana, geneva, sans-serif;\">\u00a0t\u00e9moignage de Jean M\u00fcller. C&rsquo;est un privil\u00e8ge et un vrai bonheur pour moi que d&rsquo;avoir pu r\u00e9aliser cet entretien. Je suis heureux de le partager<\/i><i style=\"font-family: verdana, geneva, sans-serif;\">\u00a0avec vous !<\/i><\/span><\/p>\n<p><span style=\"font-size: 12pt;\"><em>Jerry<\/em><\/span><\/p>\n<p><span style=\"font-family: verdana, geneva, sans-serif;\"><strong>Lire aussi :<\/strong> <a href=\"http:\/\/leclubyema.com\/index.php\/2018\/05\/04\/chronologie-des-superman\/\" target=\"_blank\" rel=\"noopener noreferrer\">La Chronologie des Superman<\/a><\/span><\/p>\n","protected":false},"excerpt":{"rendered":"<p>par RC, allias JERRY &#8211; Avec patience et beaucoup de spontan\u00e9it\u00e9, Jean M\u00dcLLER poursuit avec nous le partage [&hellip;]<\/p>\n","protected":false},"author":6,"featured_media":3194,"comment_status":"open","ping_status":"open","sticky":false,"template":"","format":"standard","meta":{"_crdt_document":"","_monsterinsights_skip_tracking":false,"_monsterinsights_sitenote_active":false,"_monsterinsights_sitenote_note":"","_monsterinsights_sitenote_category":0,"two_page_speed":[],"footnotes":""},"categories":[59,162,152],"tags":[101,146,159,157,160,156,109,161,131],"class_list":["post-3169","post","type-post","status-publish","format-standard","has-post-thumbnail","hentry","category-histoire-yema","category-jean-muller-directeur-du-design-yema","category-temoignages","tag-histoire-yema","tag-jean-muller-design-yema","tag-yema-digital","tag-yema-flygraf","tag-yema-meangraf","tag-yema-navygraf","tag-yema-rallygraf","tag-yema-spationaute","tag-yema-superman"],"yoast_head":"<!-- This site is optimized with the Yoast SEO plugin v27.4 - https:\/\/yoast.com\/product\/yoast-seo-wordpress\/ -->\n<title>Entretien avec Jean M\u00dcLLER, directeur du design YEMA (1975-1982) [#5] &#8211; LE CLUB YEMA<\/title>\n<meta name=\"description\" content=\"Exceptionnel partage des souvenirs de Jean M\u00dcLLER, ancien directeur du design de YEMA de 1975 \u00e0 1982\" \/>\n<meta name=\"robots\" content=\"index, follow, max-snippet:-1, max-image-preview:large, max-video-preview:-1\" \/>\n<link rel=\"canonical\" href=\"https:\/\/leclubyema.com\/index.php\/2019\/10\/31\/entretien-avec-jean-muller-directeur-du-design-yema-1975-1982-5\/\" \/>\n<meta property=\"og:locale\" content=\"fr_FR\" \/>\n<meta property=\"og:type\" content=\"article\" \/>\n<meta property=\"og:title\" content=\"Entretien avec Jean M\u00dcLLER, directeur du design YEMA (1975-1982) [#5] &#8211; LE CLUB YEMA\" \/>\n<meta property=\"og:description\" content=\"Exceptionnel partage des souvenirs de Jean M\u00dcLLER, ancien directeur du design de YEMA de 1975 \u00e0 1982\" \/>\n<meta property=\"og:url\" content=\"https:\/\/leclubyema.com\/index.php\/2019\/10\/31\/entretien-avec-jean-muller-directeur-du-design-yema-1975-1982-5\/\" \/>\n<meta property=\"og:site_name\" content=\"LE CLUB YEMA\" \/>\n<meta property=\"article:publisher\" content=\"https:\/\/www.facebook.com\/groups\/287686301762220\" \/>\n<meta property=\"article:published_time\" content=\"2019-10-31T18:09:05+00:00\" \/>\n<meta property=\"article:modified_time\" content=\"2020-05-19T18:26:33+00:00\" \/>\n<meta property=\"og:image\" content=\"https:\/\/i0.wp.com\/leclubyema.com\/wp-content\/uploads\/2019\/10\/Informations-YEMA_N\u00b019_Credit-Jean-Muller.jpg?fit=1389%2C856&ssl=1\" \/>\n\t<meta property=\"og:image:width\" content=\"1389\" \/>\n\t<meta property=\"og:image:height\" content=\"856\" \/>\n\t<meta property=\"og:image:type\" content=\"image\/jpeg\" \/>\n<meta name=\"author\" content=\"Jerry\" \/>\n<meta name=\"twitter:card\" content=\"summary_large_image\" \/>\n<meta name=\"twitter:label1\" content=\"\u00c9crit par\" \/>\n\t<meta name=\"twitter:data1\" content=\"Jerry\" \/>\n\t<meta name=\"twitter:label2\" content=\"Dur\u00e9e de lecture estim\u00e9e\" \/>\n\t<meta name=\"twitter:data2\" content=\"13 minutes\" \/>\n<script type=\"application\/ld+json\" class=\"yoast-schema-graph\">{\"@context\":\"https:\\\/\\\/schema.org\",\"@graph\":[{\"@type\":\"Article\",\"@id\":\"https:\\\/\\\/leclubyema.com\\\/index.php\\\/2019\\\/10\\\/31\\\/entretien-avec-jean-muller-directeur-du-design-yema-1975-1982-5\\\/#article\",\"isPartOf\":{\"@id\":\"https:\\\/\\\/leclubyema.com\\\/index.php\\\/2019\\\/10\\\/31\\\/entretien-avec-jean-muller-directeur-du-design-yema-1975-1982-5\\\/\"},\"author\":{\"name\":\"Jerry\",\"@id\":\"https:\\\/\\\/leclubyema.com\\\/#\\\/schema\\\/person\\\/706435ecf96a228384b84321558c0fcb\"},\"headline\":\"Entretien avec Jean M\u00dcLLER, directeur du design YEMA (1975-1982) [#5]\",\"datePublished\":\"2019-10-31T18:09:05+00:00\",\"dateModified\":\"2020-05-19T18:26:33+00:00\",\"mainEntityOfPage\":{\"@id\":\"https:\\\/\\\/leclubyema.com\\\/index.php\\\/2019\\\/10\\\/31\\\/entretien-avec-jean-muller-directeur-du-design-yema-1975-1982-5\\\/\"},\"wordCount\":2617,\"commentCount\":4,\"publisher\":{\"@id\":\"https:\\\/\\\/leclubyema.com\\\/#organization\"},\"image\":{\"@id\":\"https:\\\/\\\/leclubyema.com\\\/index.php\\\/2019\\\/10\\\/31\\\/entretien-avec-jean-muller-directeur-du-design-yema-1975-1982-5\\\/#primaryimage\"},\"thumbnailUrl\":\"https:\\\/\\\/leclubyema.com\\\/wp-content\\\/uploads\\\/2019\\\/10\\\/Informations-YEMA_N\u00b019_Credit-Jean-Muller.jpg\",\"keywords\":[\"Histoire Yema\",\"Jean M\u00fcller Design YEMA\",\"YEMA Digital\",\"Yema Flygraf\",\"Yema Meangraf\",\"Yema Navygraf\",\"yema rallygraf\",\"YEMA Spationaute\",\"Yema Superman\"],\"articleSection\":[\"Histoire YEMA\",\"Jean M\u00dcLLER, Directeur du design YEMA\",\"T\u00e9moignages\"],\"inLanguage\":\"fr-FR\",\"potentialAction\":[{\"@type\":\"CommentAction\",\"name\":\"Comment\",\"target\":[\"https:\\\/\\\/leclubyema.com\\\/index.php\\\/2019\\\/10\\\/31\\\/entretien-avec-jean-muller-directeur-du-design-yema-1975-1982-5\\\/#respond\"]}]},{\"@type\":\"WebPage\",\"@id\":\"https:\\\/\\\/leclubyema.com\\\/index.php\\\/2019\\\/10\\\/31\\\/entretien-avec-jean-muller-directeur-du-design-yema-1975-1982-5\\\/\",\"url\":\"https:\\\/\\\/leclubyema.com\\\/index.php\\\/2019\\\/10\\\/31\\\/entretien-avec-jean-muller-directeur-du-design-yema-1975-1982-5\\\/\",\"name\":\"Entretien avec Jean M\u00dcLLER, directeur du design YEMA (1975-1982) [#5] &#8211; LE CLUB YEMA\",\"isPartOf\":{\"@id\":\"https:\\\/\\\/leclubyema.com\\\/#website\"},\"primaryImageOfPage\":{\"@id\":\"https:\\\/\\\/leclubyema.com\\\/index.php\\\/2019\\\/10\\\/31\\\/entretien-avec-jean-muller-directeur-du-design-yema-1975-1982-5\\\/#primaryimage\"},\"image\":{\"@id\":\"https:\\\/\\\/leclubyema.com\\\/index.php\\\/2019\\\/10\\\/31\\\/entretien-avec-jean-muller-directeur-du-design-yema-1975-1982-5\\\/#primaryimage\"},\"thumbnailUrl\":\"https:\\\/\\\/leclubyema.com\\\/wp-content\\\/uploads\\\/2019\\\/10\\\/Informations-YEMA_N\u00b019_Credit-Jean-Muller.jpg\",\"datePublished\":\"2019-10-31T18:09:05+00:00\",\"dateModified\":\"2020-05-19T18:26:33+00:00\",\"description\":\"Exceptionnel partage des souvenirs de Jean M\u00dcLLER, ancien directeur du design de YEMA de 1975 \u00e0 1982\",\"breadcrumb\":{\"@id\":\"https:\\\/\\\/leclubyema.com\\\/index.php\\\/2019\\\/10\\\/31\\\/entretien-avec-jean-muller-directeur-du-design-yema-1975-1982-5\\\/#breadcrumb\"},\"inLanguage\":\"fr-FR\",\"potentialAction\":[{\"@type\":\"ReadAction\",\"target\":[\"https:\\\/\\\/leclubyema.com\\\/index.php\\\/2019\\\/10\\\/31\\\/entretien-avec-jean-muller-directeur-du-design-yema-1975-1982-5\\\/\"]}]},{\"@type\":\"ImageObject\",\"inLanguage\":\"fr-FR\",\"@id\":\"https:\\\/\\\/leclubyema.com\\\/index.php\\\/2019\\\/10\\\/31\\\/entretien-avec-jean-muller-directeur-du-design-yema-1975-1982-5\\\/#primaryimage\",\"url\":\"https:\\\/\\\/leclubyema.com\\\/wp-content\\\/uploads\\\/2019\\\/10\\\/Informations-YEMA_N\u00b019_Credit-Jean-Muller.jpg\",\"contentUrl\":\"https:\\\/\\\/leclubyema.com\\\/wp-content\\\/uploads\\\/2019\\\/10\\\/Informations-YEMA_N\u00b019_Credit-Jean-Muller.jpg\",\"width\":1389,\"height\":856,\"caption\":\"Informations YEMA. Comment se cr\u00e9e une collection ? Cr\u00e9dit photo Jean M\u00fcller\"},{\"@type\":\"BreadcrumbList\",\"@id\":\"https:\\\/\\\/leclubyema.com\\\/index.php\\\/2019\\\/10\\\/31\\\/entretien-avec-jean-muller-directeur-du-design-yema-1975-1982-5\\\/#breadcrumb\",\"itemListElement\":[{\"@type\":\"ListItem\",\"position\":1,\"name\":\"Accueil\",\"item\":\"https:\\\/\\\/leclubyema.com\\\/\"},{\"@type\":\"ListItem\",\"position\":2,\"name\":\"Entretien avec Jean M\u00dcLLER, directeur du design YEMA (1975-1982) [#5]\"}]},{\"@type\":\"WebSite\",\"@id\":\"https:\\\/\\\/leclubyema.com\\\/#website\",\"url\":\"https:\\\/\\\/leclubyema.com\\\/\",\"name\":\"LE CLUB YEMA\",\"description\":\"L&#039;univers des montres Yema d&#039;antan et d&#039;aujourd&#039;hui\",\"publisher\":{\"@id\":\"https:\\\/\\\/leclubyema.com\\\/#organization\"},\"potentialAction\":[{\"@type\":\"SearchAction\",\"target\":{\"@type\":\"EntryPoint\",\"urlTemplate\":\"https:\\\/\\\/leclubyema.com\\\/?s={search_term_string}\"},\"query-input\":{\"@type\":\"PropertyValueSpecification\",\"valueRequired\":true,\"valueName\":\"search_term_string\"}}],\"inLanguage\":\"fr-FR\"},{\"@type\":\"Organization\",\"@id\":\"https:\\\/\\\/leclubyema.com\\\/#organization\",\"name\":\"Le Club Yema\",\"url\":\"https:\\\/\\\/leclubyema.com\\\/\",\"logo\":{\"@type\":\"ImageObject\",\"inLanguage\":\"fr-FR\",\"@id\":\"https:\\\/\\\/leclubyema.com\\\/#\\\/schema\\\/logo\\\/image\\\/\",\"url\":\"https:\\\/\\\/i0.wp.com\\\/leclubyema.com\\\/wp-content\\\/uploads\\\/2018\\\/05\\\/Logo_ClubYema_OK.jpg?fit=1547%2C636&ssl=1\",\"contentUrl\":\"https:\\\/\\\/i0.wp.com\\\/leclubyema.com\\\/wp-content\\\/uploads\\\/2018\\\/05\\\/Logo_ClubYema_OK.jpg?fit=1547%2C636&ssl=1\",\"width\":1547,\"height\":636,\"caption\":\"Le Club Yema\"},\"image\":{\"@id\":\"https:\\\/\\\/leclubyema.com\\\/#\\\/schema\\\/logo\\\/image\\\/\"},\"sameAs\":[\"https:\\\/\\\/www.facebook.com\\\/groups\\\/287686301762220\",\"https:\\\/\\\/www.instagram.com\\\/leclubyema\\\/\"]},{\"@type\":\"Person\",\"@id\":\"https:\\\/\\\/leclubyema.com\\\/#\\\/schema\\\/person\\\/706435ecf96a228384b84321558c0fcb\",\"name\":\"Jerry\",\"image\":{\"@type\":\"ImageObject\",\"inLanguage\":\"fr-FR\",\"@id\":\"https:\\\/\\\/secure.gravatar.com\\\/avatar\\\/65423aa801b0c759236358be6b10a20b203faaf454e231160c6a5fdad010b5a1?s=96&d=mm&r=g\",\"url\":\"https:\\\/\\\/secure.gravatar.com\\\/avatar\\\/65423aa801b0c759236358be6b10a20b203faaf454e231160c6a5fdad010b5a1?s=96&d=mm&r=g\",\"contentUrl\":\"https:\\\/\\\/secure.gravatar.com\\\/avatar\\\/65423aa801b0c759236358be6b10a20b203faaf454e231160c6a5fdad010b5a1?s=96&d=mm&r=g\",\"caption\":\"Jerry\"},\"description\":\"Gros b\u00e9b\u00e9 n\u00e9 en 1963\",\"url\":\"https:\\\/\\\/leclubyema.com\\\/index.php\\\/author\\\/jerry\\\/\"}]}<\/script>\n<!-- \/ Yoast SEO plugin. -->","yoast_head_json":{"title":"Entretien avec Jean M\u00dcLLER, directeur du design YEMA (1975-1982) [#5] &#8211; LE CLUB YEMA","description":"Exceptionnel partage des souvenirs de Jean M\u00dcLLER, ancien directeur du design de YEMA de 1975 \u00e0 1982","robots":{"index":"index","follow":"follow","max-snippet":"max-snippet:-1","max-image-preview":"max-image-preview:large","max-video-preview":"max-video-preview:-1"},"canonical":"https:\/\/leclubyema.com\/index.php\/2019\/10\/31\/entretien-avec-jean-muller-directeur-du-design-yema-1975-1982-5\/","og_locale":"fr_FR","og_type":"article","og_title":"Entretien avec Jean M\u00dcLLER, directeur du design YEMA (1975-1982) [#5] &#8211; LE CLUB YEMA","og_description":"Exceptionnel partage des souvenirs de Jean M\u00dcLLER, ancien directeur du design de YEMA de 1975 \u00e0 1982","og_url":"https:\/\/leclubyema.com\/index.php\/2019\/10\/31\/entretien-avec-jean-muller-directeur-du-design-yema-1975-1982-5\/","og_site_name":"LE CLUB YEMA","article_publisher":"https:\/\/www.facebook.com\/groups\/287686301762220","article_published_time":"2019-10-31T18:09:05+00:00","article_modified_time":"2020-05-19T18:26:33+00:00","og_image":[{"width":1389,"height":856,"url":"https:\/\/i0.wp.com\/leclubyema.com\/wp-content\/uploads\/2019\/10\/Informations-YEMA_N\u00b019_Credit-Jean-Muller.jpg?fit=1389%2C856&ssl=1","type":"image\/jpeg"}],"author":"Jerry","twitter_card":"summary_large_image","twitter_misc":{"\u00c9crit par":"Jerry","Dur\u00e9e de lecture estim\u00e9e":"13 minutes"},"schema":{"@context":"https:\/\/schema.org","@graph":[{"@type":"Article","@id":"https:\/\/leclubyema.com\/index.php\/2019\/10\/31\/entretien-avec-jean-muller-directeur-du-design-yema-1975-1982-5\/#article","isPartOf":{"@id":"https:\/\/leclubyema.com\/index.php\/2019\/10\/31\/entretien-avec-jean-muller-directeur-du-design-yema-1975-1982-5\/"},"author":{"name":"Jerry","@id":"https:\/\/leclubyema.com\/#\/schema\/person\/706435ecf96a228384b84321558c0fcb"},"headline":"Entretien avec Jean M\u00dcLLER, directeur du design YEMA (1975-1982) [#5]","datePublished":"2019-10-31T18:09:05+00:00","dateModified":"2020-05-19T18:26:33+00:00","mainEntityOfPage":{"@id":"https:\/\/leclubyema.com\/index.php\/2019\/10\/31\/entretien-avec-jean-muller-directeur-du-design-yema-1975-1982-5\/"},"wordCount":2617,"commentCount":4,"publisher":{"@id":"https:\/\/leclubyema.com\/#organization"},"image":{"@id":"https:\/\/leclubyema.com\/index.php\/2019\/10\/31\/entretien-avec-jean-muller-directeur-du-design-yema-1975-1982-5\/#primaryimage"},"thumbnailUrl":"https:\/\/leclubyema.com\/wp-content\/uploads\/2019\/10\/Informations-YEMA_N\u00b019_Credit-Jean-Muller.jpg","keywords":["Histoire Yema","Jean M\u00fcller Design YEMA","YEMA Digital","Yema Flygraf","Yema Meangraf","Yema Navygraf","yema rallygraf","YEMA Spationaute","Yema Superman"],"articleSection":["Histoire YEMA","Jean M\u00dcLLER, Directeur du design YEMA","T\u00e9moignages"],"inLanguage":"fr-FR","potentialAction":[{"@type":"CommentAction","name":"Comment","target":["https:\/\/leclubyema.com\/index.php\/2019\/10\/31\/entretien-avec-jean-muller-directeur-du-design-yema-1975-1982-5\/#respond"]}]},{"@type":"WebPage","@id":"https:\/\/leclubyema.com\/index.php\/2019\/10\/31\/entretien-avec-jean-muller-directeur-du-design-yema-1975-1982-5\/","url":"https:\/\/leclubyema.com\/index.php\/2019\/10\/31\/entretien-avec-jean-muller-directeur-du-design-yema-1975-1982-5\/","name":"Entretien avec Jean M\u00dcLLER, directeur du design YEMA (1975-1982) [#5] &#8211; LE CLUB YEMA","isPartOf":{"@id":"https:\/\/leclubyema.com\/#website"},"primaryImageOfPage":{"@id":"https:\/\/leclubyema.com\/index.php\/2019\/10\/31\/entretien-avec-jean-muller-directeur-du-design-yema-1975-1982-5\/#primaryimage"},"image":{"@id":"https:\/\/leclubyema.com\/index.php\/2019\/10\/31\/entretien-avec-jean-muller-directeur-du-design-yema-1975-1982-5\/#primaryimage"},"thumbnailUrl":"https:\/\/leclubyema.com\/wp-content\/uploads\/2019\/10\/Informations-YEMA_N\u00b019_Credit-Jean-Muller.jpg","datePublished":"2019-10-31T18:09:05+00:00","dateModified":"2020-05-19T18:26:33+00:00","description":"Exceptionnel partage des souvenirs de Jean M\u00dcLLER, ancien directeur du design de YEMA de 1975 \u00e0 1982","breadcrumb":{"@id":"https:\/\/leclubyema.com\/index.php\/2019\/10\/31\/entretien-avec-jean-muller-directeur-du-design-yema-1975-1982-5\/#breadcrumb"},"inLanguage":"fr-FR","potentialAction":[{"@type":"ReadAction","target":["https:\/\/leclubyema.com\/index.php\/2019\/10\/31\/entretien-avec-jean-muller-directeur-du-design-yema-1975-1982-5\/"]}]},{"@type":"ImageObject","inLanguage":"fr-FR","@id":"https:\/\/leclubyema.com\/index.php\/2019\/10\/31\/entretien-avec-jean-muller-directeur-du-design-yema-1975-1982-5\/#primaryimage","url":"https:\/\/leclubyema.com\/wp-content\/uploads\/2019\/10\/Informations-YEMA_N\u00b019_Credit-Jean-Muller.jpg","contentUrl":"https:\/\/leclubyema.com\/wp-content\/uploads\/2019\/10\/Informations-YEMA_N\u00b019_Credit-Jean-Muller.jpg","width":1389,"height":856,"caption":"Informations YEMA. Comment se cr\u00e9e une collection ? Cr\u00e9dit photo Jean M\u00fcller"},{"@type":"BreadcrumbList","@id":"https:\/\/leclubyema.com\/index.php\/2019\/10\/31\/entretien-avec-jean-muller-directeur-du-design-yema-1975-1982-5\/#breadcrumb","itemListElement":[{"@type":"ListItem","position":1,"name":"Accueil","item":"https:\/\/leclubyema.com\/"},{"@type":"ListItem","position":2,"name":"Entretien avec Jean M\u00dcLLER, directeur du design YEMA (1975-1982) [#5]"}]},{"@type":"WebSite","@id":"https:\/\/leclubyema.com\/#website","url":"https:\/\/leclubyema.com\/","name":"LE CLUB YEMA","description":"L&#039;univers des montres Yema d&#039;antan et d&#039;aujourd&#039;hui","publisher":{"@id":"https:\/\/leclubyema.com\/#organization"},"potentialAction":[{"@type":"SearchAction","target":{"@type":"EntryPoint","urlTemplate":"https:\/\/leclubyema.com\/?s={search_term_string}"},"query-input":{"@type":"PropertyValueSpecification","valueRequired":true,"valueName":"search_term_string"}}],"inLanguage":"fr-FR"},{"@type":"Organization","@id":"https:\/\/leclubyema.com\/#organization","name":"Le Club Yema","url":"https:\/\/leclubyema.com\/","logo":{"@type":"ImageObject","inLanguage":"fr-FR","@id":"https:\/\/leclubyema.com\/#\/schema\/logo\/image\/","url":"https:\/\/i0.wp.com\/leclubyema.com\/wp-content\/uploads\/2018\/05\/Logo_ClubYema_OK.jpg?fit=1547%2C636&ssl=1","contentUrl":"https:\/\/i0.wp.com\/leclubyema.com\/wp-content\/uploads\/2018\/05\/Logo_ClubYema_OK.jpg?fit=1547%2C636&ssl=1","width":1547,"height":636,"caption":"Le Club Yema"},"image":{"@id":"https:\/\/leclubyema.com\/#\/schema\/logo\/image\/"},"sameAs":["https:\/\/www.facebook.com\/groups\/287686301762220","https:\/\/www.instagram.com\/leclubyema\/"]},{"@type":"Person","@id":"https:\/\/leclubyema.com\/#\/schema\/person\/706435ecf96a228384b84321558c0fcb","name":"Jerry","image":{"@type":"ImageObject","inLanguage":"fr-FR","@id":"https:\/\/secure.gravatar.com\/avatar\/65423aa801b0c759236358be6b10a20b203faaf454e231160c6a5fdad010b5a1?s=96&d=mm&r=g","url":"https:\/\/secure.gravatar.com\/avatar\/65423aa801b0c759236358be6b10a20b203faaf454e231160c6a5fdad010b5a1?s=96&d=mm&r=g","contentUrl":"https:\/\/secure.gravatar.com\/avatar\/65423aa801b0c759236358be6b10a20b203faaf454e231160c6a5fdad010b5a1?s=96&d=mm&r=g","caption":"Jerry"},"description":"Gros b\u00e9b\u00e9 n\u00e9 en 1963","url":"https:\/\/leclubyema.com\/index.php\/author\/jerry\/"}]}},"_links":{"self":[{"href":"https:\/\/leclubyema.com\/index.php\/wp-json\/wp\/v2\/posts\/3169","targetHints":{"allow":["GET"]}}],"collection":[{"href":"https:\/\/leclubyema.com\/index.php\/wp-json\/wp\/v2\/posts"}],"about":[{"href":"https:\/\/leclubyema.com\/index.php\/wp-json\/wp\/v2\/types\/post"}],"author":[{"embeddable":true,"href":"https:\/\/leclubyema.com\/index.php\/wp-json\/wp\/v2\/users\/6"}],"replies":[{"embeddable":true,"href":"https:\/\/leclubyema.com\/index.php\/wp-json\/wp\/v2\/comments?post=3169"}],"version-history":[{"count":20,"href":"https:\/\/leclubyema.com\/index.php\/wp-json\/wp\/v2\/posts\/3169\/revisions"}],"predecessor-version":[{"id":3698,"href":"https:\/\/leclubyema.com\/index.php\/wp-json\/wp\/v2\/posts\/3169\/revisions\/3698"}],"wp:featuredmedia":[{"embeddable":true,"href":"https:\/\/leclubyema.com\/index.php\/wp-json\/wp\/v2\/media\/3194"}],"wp:attachment":[{"href":"https:\/\/leclubyema.com\/index.php\/wp-json\/wp\/v2\/media?parent=3169"}],"wp:term":[{"taxonomy":"category","embeddable":true,"href":"https:\/\/leclubyema.com\/index.php\/wp-json\/wp\/v2\/categories?post=3169"},{"taxonomy":"post_tag","embeddable":true,"href":"https:\/\/leclubyema.com\/index.php\/wp-json\/wp\/v2\/tags?post=3169"}],"curies":[{"name":"wp","href":"https:\/\/api.w.org\/{rel}","templated":true}]}}